{"id":189,"date":"2019-10-29T18:05:10","date_gmt":"2019-10-29T21:05:10","guid":{"rendered":"https:\/\/arquivosfutebolbrasil.com.br\/blog\/?p=189"},"modified":"2019-10-29T18:05:10","modified_gmt":"2019-10-29T21:05:10","slug":"clubes-do-parana-associacao-esportiva-e-recreativa-engenheiro-beltrao-engenheiro-beltrao","status":"publish","type":"post","link":"https:\/\/arquivosfutebolbrasil.com.br\/blog\/2019\/10\/29\/clubes-do-parana-associacao-esportiva-e-recreativa-engenheiro-beltrao-engenheiro-beltrao\/","title":{"rendered":"Clubes do Paran\u00e1 &#8211; Associa\u00e7\u00e3o Esportiva e Recreativa Engenheiro Beltr\u00e3o (Engenheiro Beltr\u00e3o)"},"content":{"rendered":"\n<p>Nome: Associa\u00e7\u00e3o Esportiva e Recreativa Engenheiro Beltr\u00e3o<br>Cidade: Engenheiro Beltr\u00e3o &#8211; PR<br>Funda\u00e7\u00e3o: 01 de janeiro de 2003<br>Cores: preto \/ branco<br>Est\u00e1dio: Jo\u00e3o Cavalcante Menezes (4.200 lugares)<\/p>\n\n\n\n<div class=\"wp-block-image\"><figure class=\"aligncenter is-resized\"><img loading=\"lazy\" decoding=\"async\" src=\"https:\/\/arquivosfutebolbrasil.com.br\/blog\/wp-content\/uploads\/2019\/10\/2-15.jpg\" alt=\"\" class=\"wp-image-190\" width=\"154\" height=\"154\"\/><\/figure><\/div>\n\n\n\n<p>Fonte: Arquivos de Levi Mulford<\/p>\n\r\n","protected":false},"excerpt":{"rendered":"<p>Nome: Associa\u00e7\u00e3o Esportiva e Recreativa Engenheiro Beltr\u00e3oCidade: Engenheiro Beltr\u00e3o &#8211; PRFunda\u00e7\u00e3o: 01 de janeiro de 2003Cores: preto \/ brancoEst\u00e1dio: Jo\u00e3o Cavalcante Menezes (4.200 lugares) Fonte: Arquivos de Levi Mulford<\/p>\n","protected":false},"author":2,"featured_media":0,"comment_status":"open","ping_status":"open","sticky":false,"template":"","format":"standard","meta":{"footnotes":""},"categories":[55,39,25],"tags":[],"class_list":["post-189","post","type-post","status-publish","format-standard","hentry","category-clubes-de-futebol","category-escudos","category-parana"],"_links":{"self":[{"href":"https:\/\/arquivosfutebolbrasil.com.br\/blog\/wp-json\/wp\/v2\/posts\/189"}],"collection":[{"href":"https:\/\/arquivosfutebolbrasil.com.br\/blog\/wp-json\/wp\/v2\/posts"}],"about":[{"href":"https:\/\/arquivosfutebolbrasil.com.br\/blog\/wp-json\/wp\/v2\/types\/post"}],"author":[{"embeddable":true,"href":"https:\/\/arquivosfutebolbrasil.com.br\/blog\/wp-json\/wp\/v2\/users\/2"}],"replies":[{"embeddable":true,"href":"https:\/\/arquivosfutebolbrasil.com.br\/blog\/wp-json\/wp\/v2\/comments?post=189"}],"version-history":[{"count":1,"href":"https:\/\/arquivosfutebolbrasil.com.br\/blog\/wp-json\/wp\/v2\/posts\/189\/revisions"}],"predecessor-version":[{"id":191,"href":"https:\/\/arquivosfutebolbrasil.com.br\/blog\/wp-json\/wp\/v2\/posts\/189\/revisions\/191"}],"wp:attachment":[{"href":"https:\/\/arquivosfutebolbrasil.com.br\/blog\/wp-json\/wp\/v2\/media?parent=189"}],"wp:term":[{"taxonomy":"category","embeddable":true,"href":"https:\/\/arquivosfutebolbrasil.com.br\/blog\/wp-json\/wp\/v2\/categories?post=189"},{"taxonomy":"post_tag","embeddable":true,"href":"https:\/\/arquivosfutebolbrasil.com.br\/blog\/wp-json\/wp\/v2\/tags?post=189"}],"curies":[{"name":"wp","href":"https:\/\/api.w.org\/{rel}","templated":true}]}}