{"id":18357,"date":"2021-04-21T19:29:16","date_gmt":"2021-04-21T22:29:16","guid":{"rendered":"https:\/\/arquivosfutebolbrasil.com.br\/blog\/?p=18357"},"modified":"2021-04-21T19:29:17","modified_gmt":"2021-04-21T22:29:17","slug":"festival-esportivo-do-clube-atletico-florianopolis-florianopolis-sc-1925","status":"publish","type":"post","link":"https:\/\/arquivosfutebolbrasil.com.br\/blog\/2021\/04\/21\/festival-esportivo-do-clube-atletico-florianopolis-florianopolis-sc-1925\/","title":{"rendered":"Festival Esportivo do Clube Atl\u00e9tico Florian\u00f3polis (Florian\u00f3polis \u2013 SC) 1925"},"content":{"rendered":"\n<p>Data: 13 de julho de 1925<br>Local: Campo do Gin\u00e1sio Catarinense, em Florian\u00f3polis &#8211; SC<\/p>\n\n\n\n<p>1\u00ba quadros &#8211; Externato 2&#215;1 Guarni\u00e7\u00e3o Federal<br>1\u00ba quadros &#8211; Anhatomirim 2&#215;1 Trabalhista<br>1\u00ba quadros &#8211; CA Florian\u00f3polis 3&#215;2 Internato<\/p>\n\n\n\n<p>Fonte: Adalberto Kluser<\/p>\n\r\n","protected":false},"excerpt":{"rendered":"<p>Data: 13 de julho de 1925Local: Campo do Gin\u00e1sio Catarinense, em Florian\u00f3polis &#8211; SC 1\u00ba quadros &#8211; Externato 2&#215;1 Guarni\u00e7\u00e3o Federal1\u00ba quadros &#8211; Anhatomirim 2&#215;1 Trabalhista1\u00ba quadros &#8211; CA Florian\u00f3polis 3&#215;2 Internato Fonte: Adalberto Kluser<\/p>\n","protected":false},"author":2,"featured_media":0,"comment_status":"open","ping_status":"open","sticky":false,"template":"","format":"standard","meta":{"footnotes":""},"categories":[46,47,36],"tags":[],"class_list":["post-18357","post","type-post","status-publish","format-standard","hentry","category-jogos-amistosos-nacionais","category-jogos-historicos","category-santa-catarina"],"_links":{"self":[{"href":"https:\/\/arquivosfutebolbrasil.com.br\/blog\/wp-json\/wp\/v2\/posts\/18357"}],"collection":[{"href":"https:\/\/arquivosfutebolbrasil.com.br\/blog\/wp-json\/wp\/v2\/posts"}],"about":[{"href":"https:\/\/arquivosfutebolbrasil.com.br\/blog\/wp-json\/wp\/v2\/types\/post"}],"author":[{"embeddable":true,"href":"https:\/\/arquivosfutebolbrasil.com.br\/blog\/wp-json\/wp\/v2\/users\/2"}],"replies":[{"embeddable":true,"href":"https:\/\/arquivosfutebolbrasil.com.br\/blog\/wp-json\/wp\/v2\/comments?post=18357"}],"version-history":[{"count":1,"href":"https:\/\/arquivosfutebolbrasil.com.br\/blog\/wp-json\/wp\/v2\/posts\/18357\/revisions"}],"predecessor-version":[{"id":18358,"href":"https:\/\/arquivosfutebolbrasil.com.br\/blog\/wp-json\/wp\/v2\/posts\/18357\/revisions\/18358"}],"wp:attachment":[{"href":"https:\/\/arquivosfutebolbrasil.com.br\/blog\/wp-json\/wp\/v2\/media?parent=18357"}],"wp:term":[{"taxonomy":"category","embeddable":true,"href":"https:\/\/arquivosfutebolbrasil.com.br\/blog\/wp-json\/wp\/v2\/categories?post=18357"},{"taxonomy":"post_tag","embeddable":true,"href":"https:\/\/arquivosfutebolbrasil.com.br\/blog\/wp-json\/wp\/v2\/tags?post=18357"}],"curies":[{"name":"wp","href":"https:\/\/api.w.org\/{rel}","templated":true}]}}