{"id":18193,"date":"2021-04-17T16:53:27","date_gmt":"2021-04-17T19:53:27","guid":{"rendered":"https:\/\/arquivosfutebolbrasil.com.br\/blog\/?p=18193"},"modified":"2021-04-17T16:53:28","modified_gmt":"2021-04-17T19:53:28","slug":"excursao-do-sport-club-brasil-salvador-ba-a-sergipe-em-1935","status":"publish","type":"post","link":"https:\/\/arquivosfutebolbrasil.com.br\/blog\/2021\/04\/17\/excursao-do-sport-club-brasil-salvador-ba-a-sergipe-em-1935\/","title":{"rendered":"Excurs\u00e3o do Sport Club Brasil (Salvador &#8211; BA) a Sergipe em 1935"},"content":{"rendered":"\n<p>07.09.1935<br>Brasil 2&#215;3 Sergipe (Aracaju), em Aracaju<br>08.09.1935<br>Brasil 3&#215;2 Cotinguiba(Aracaju), em Aracaju<br>10.09.1935<br>Brasil 3&#215;2 Vit\u00f3ria(Aracaju), em Aracaju<br>12.09.1935<br>Brasil 7&#215;3 Palestra(Aracaju), em Aracaju<br>15.09.1935<br>Brasil 1&#215;1 Sele\u00e7\u00e3o de Sergipe, em Aracaju<br>18.09.1935<br>Brasil 3&#215;1 Sele\u00e7\u00e3o de Maruim (Maruim), em Maruim<\/p>\n\n\n\n<p>Fonte: Arquivos do Autor<\/p>\n\r\n","protected":false},"excerpt":{"rendered":"<p>07.09.1935Brasil 2&#215;3 Sergipe (Aracaju), em Aracaju08.09.1935Brasil 3&#215;2 Cotinguiba(Aracaju), em Aracaju10.09.1935Brasil 3&#215;2 Vit\u00f3ria(Aracaju), em Aracaju12.09.1935Brasil 7&#215;3 Palestra(Aracaju), em Aracaju15.09.1935Brasil 1&#215;1 Sele\u00e7\u00e3o de Sergipe, em Aracaju18.09.1935Brasil 3&#215;1 Sele\u00e7\u00e3o de Maruim (Maruim), em Maruim Fonte: Arquivos do Autor<\/p>\n","protected":false},"author":2,"featured_media":0,"comment_status":"open","ping_status":"open","sticky":false,"template":"","format":"standard","meta":{"footnotes":""},"categories":[15,46,47,37],"tags":[],"class_list":["post-18193","post","type-post","status-publish","format-standard","hentry","category-bahia","category-jogos-amistosos-nacionais","category-jogos-historicos","category-sergipe"],"_links":{"self":[{"href":"https:\/\/arquivosfutebolbrasil.com.br\/blog\/wp-json\/wp\/v2\/posts\/18193"}],"collection":[{"href":"https:\/\/arquivosfutebolbrasil.com.br\/blog\/wp-json\/wp\/v2\/posts"}],"about":[{"href":"https:\/\/arquivosfutebolbrasil.com.br\/blog\/wp-json\/wp\/v2\/types\/post"}],"author":[{"embeddable":true,"href":"https:\/\/arquivosfutebolbrasil.com.br\/blog\/wp-json\/wp\/v2\/users\/2"}],"replies":[{"embeddable":true,"href":"https:\/\/arquivosfutebolbrasil.com.br\/blog\/wp-json\/wp\/v2\/comments?post=18193"}],"version-history":[{"count":1,"href":"https:\/\/arquivosfutebolbrasil.com.br\/blog\/wp-json\/wp\/v2\/posts\/18193\/revisions"}],"predecessor-version":[{"id":18194,"href":"https:\/\/arquivosfutebolbrasil.com.br\/blog\/wp-json\/wp\/v2\/posts\/18193\/revisions\/18194"}],"wp:attachment":[{"href":"https:\/\/arquivosfutebolbrasil.com.br\/blog\/wp-json\/wp\/v2\/media?parent=18193"}],"wp:term":[{"taxonomy":"category","embeddable":true,"href":"https:\/\/arquivosfutebolbrasil.com.br\/blog\/wp-json\/wp\/v2\/categories?post=18193"},{"taxonomy":"post_tag","embeddable":true,"href":"https:\/\/arquivosfutebolbrasil.com.br\/blog\/wp-json\/wp\/v2\/tags?post=18193"}],"curies":[{"name":"wp","href":"https:\/\/api.w.org\/{rel}","templated":true}]}}