{"id":18043,"date":"2021-04-15T21:09:00","date_gmt":"2021-04-16T00:09:00","guid":{"rendered":"https:\/\/arquivosfutebolbrasil.com.br\/blog\/?p=18043"},"modified":"2021-04-12T21:10:17","modified_gmt":"2021-04-13T00:10:17","slug":"clubes-de-santa-catarina-gremio-esportivo-usati-sao-joao-batista","status":"publish","type":"post","link":"https:\/\/arquivosfutebolbrasil.com.br\/blog\/2021\/04\/15\/clubes-de-santa-catarina-gremio-esportivo-usati-sao-joao-batista\/","title":{"rendered":"Clubes de Santa Catarina &#8211; Gr\u00eamio Esportivo Usati (S\u00e3o Jo\u00e3o Batista)"},"content":{"rendered":"\n<figure class=\"wp-block-image size-large\"><img loading=\"lazy\" decoding=\"async\" width=\"838\" height=\"462\" src=\"https:\/\/arquivosfutebolbrasil.com.br\/blog\/wp-content\/uploads\/2021\/04\/image-62.png\" alt=\"\" class=\"wp-image-18044\" srcset=\"https:\/\/arquivosfutebolbrasil.com.br\/blog\/wp-content\/uploads\/2021\/04\/image-62.png 838w, https:\/\/arquivosfutebolbrasil.com.br\/blog\/wp-content\/uploads\/2021\/04\/image-62-300x165.png 300w, https:\/\/arquivosfutebolbrasil.com.br\/blog\/wp-content\/uploads\/2021\/04\/image-62-768x423.png 768w\" sizes=\"(max-width: 838px) 100vw, 838px\" \/><\/figure>\n\r\n","protected":false},"excerpt":{"rendered":"","protected":false},"author":2,"featured_media":0,"comment_status":"open","ping_status":"open","sticky":false,"template":"","format":"standard","meta":{"footnotes":""},"categories":[55,39,36],"tags":[],"class_list":["post-18043","post","type-post","status-publish","format-standard","hentry","category-clubes-de-futebol","category-escudos","category-santa-catarina"],"_links":{"self":[{"href":"https:\/\/arquivosfutebolbrasil.com.br\/blog\/wp-json\/wp\/v2\/posts\/18043"}],"collection":[{"href":"https:\/\/arquivosfutebolbrasil.com.br\/blog\/wp-json\/wp\/v2\/posts"}],"about":[{"href":"https:\/\/arquivosfutebolbrasil.com.br\/blog\/wp-json\/wp\/v2\/types\/post"}],"author":[{"embeddable":true,"href":"https:\/\/arquivosfutebolbrasil.com.br\/blog\/wp-json\/wp\/v2\/users\/2"}],"replies":[{"embeddable":true,"href":"https:\/\/arquivosfutebolbrasil.com.br\/blog\/wp-json\/wp\/v2\/comments?post=18043"}],"version-history":[{"count":1,"href":"https:\/\/arquivosfutebolbrasil.com.br\/blog\/wp-json\/wp\/v2\/posts\/18043\/revisions"}],"predecessor-version":[{"id":18045,"href":"https:\/\/arquivosfutebolbrasil.com.br\/blog\/wp-json\/wp\/v2\/posts\/18043\/revisions\/18045"}],"wp:attachment":[{"href":"https:\/\/arquivosfutebolbrasil.com.br\/blog\/wp-json\/wp\/v2\/media?parent=18043"}],"wp:term":[{"taxonomy":"category","embeddable":true,"href":"https:\/\/arquivosfutebolbrasil.com.br\/blog\/wp-json\/wp\/v2\/categories?post=18043"},{"taxonomy":"post_tag","embeddable":true,"href":"https:\/\/arquivosfutebolbrasil.com.br\/blog\/wp-json\/wp\/v2\/tags?post=18043"}],"curies":[{"name":"wp","href":"https:\/\/api.w.org\/{rel}","templated":true}]}}