{"id":18017,"date":"2021-04-14T14:35:00","date_gmt":"2021-04-14T17:35:00","guid":{"rendered":"https:\/\/arquivosfutebolbrasil.com.br\/blog\/?p=18017"},"modified":"2021-04-12T14:37:22","modified_gmt":"2021-04-12T17:37:22","slug":"madureira-atletico-clube-rio-de-janeiro-rj-temporada-de-1934","status":"publish","type":"post","link":"https:\/\/arquivosfutebolbrasil.com.br\/blog\/2021\/04\/14\/madureira-atletico-clube-rio-de-janeiro-rj-temporada-de-1934\/","title":{"rendered":"Madureira Atl\u00e9tico Clube (Rio de Janeiro &#8211; RJ) &#8211; Temporada de 1934"},"content":{"rendered":"\n<div class=\"wp-block-image\"><figure class=\"aligncenter size-large\"><img loading=\"lazy\" decoding=\"async\" width=\"681\" height=\"470\" src=\"https:\/\/arquivosfutebolbrasil.com.br\/blog\/wp-content\/uploads\/2021\/04\/image-54.png\" alt=\"\" class=\"wp-image-18018\" srcset=\"https:\/\/arquivosfutebolbrasil.com.br\/blog\/wp-content\/uploads\/2021\/04\/image-54.png 681w, https:\/\/arquivosfutebolbrasil.com.br\/blog\/wp-content\/uploads\/2021\/04\/image-54-300x207.png 300w\" sizes=\"(max-width: 681px) 100vw, 681px\" \/><\/figure><\/div>\n\n\n\n<p><strong>Campeonato Carioca &#8211; 2\u00aa Divis\u00e3o<\/strong><\/p>\n\n\n\n<p>13.05.1934<br>Madureira 7&#215;1 Central (Rio de Janeiro &#8211; RJ), no Rio de Janeiro &#8211; RJ<br>27.05.1934<br>Madureira 2&#215;2 Del Castilho (Rio de Janeiro &#8211; RJ), no Rio de Janeiro &#8211; RJ<br>10.06.1934<br>Madureira 1&#215;1 Modesto (Rio de Janeiro &#8211; RJ), no Rio de Janeiro &#8211; RJ<br>17.06.1934<br>Madureira 3&#215;1 Bandeirantes (Rio de Janeiro &#8211; RJ), no Rio de Janeiro &#8211; RJ<br>08.07.1934<br>Madureira 3&#215;4 Jequi\u00e1 (Rio de Janeiro &#8211; RJ), no Rio de Janeiro &#8211; RJ<br>15.07.1934<br>Madureira 1&#215;2 Central (Rio de Janeiro &#8211; RJ), no Rio de Janeiro &#8211; RJ<br>29.07.1934<br>Madureira 4&#215;4 Del Castilho (Rio de Janeiro &#8211; RJ), no Rio de Janeiro &#8211; RJ<br>12.08.1934<br>Madureira 3&#215;4 Modesto (Rio de Janeiro &#8211; RJ), no Rio de Janeiro &#8211; RJ<br>19.08.1934<br>Madureira 6&#215;1 Bandeirantes (Rio de Janeiro &#8211; RJ), no Rio de Janeiro &#8211; RJ<br>26.08.1934<br>Madureira 1&#215;2 Jequi\u00e1 (Rio de Janeiro &#8211; RJ), no Rio de Janeiro &#8211; RJ<br>02.09.1934<br>Madureira 5&#215;1 Del Castilho (Rio de Janeiro &#8211; RJ), no Rio de Janeiro &#8211; RJ<\/p>\n\n\n\n<p><strong>Amistoso Nacional<\/strong><\/p>\n\n\n\n<p>08.04.1934<br>Madureira 5&#215;2 Fluminense (Niter\u00f3i &#8211; RJ), no Rio de Janeiro &#8211; RJ<br>15.04.1934<br>Madureira 5&#215;1 Vasco da Gama (Rio de Janeiro &#8211; RJ), no Rio de Janeiro &#8211; RJ<br>21.04.1934<br>Madureira 2&#215;0 Am\u00e9rica (Rio de Janeiro &#8211; RJ), no Rio de Janeiro &#8211; RJ<br>22.04.1934<br>Madureira 5&#215;0 Am\u00e9rica (Rio de Janeiro &#8211; RJ), no Rio de Janeiro &#8211; RJ<br>01.05.1934<br>Madureira 6&#215;2 Byron (Niter\u00f3i &#8211; RJ), em Niter\u00f3i &#8211; RJ<br>06.05.1934<br>Madureira 2&#215;2 Flamengo (Rio de Janeiro &#8211; RJ), no Rio de Janeiro &#8211; RJ<br>15.07.1934<br>Madureira 2&#215;0 Filhos de Igua\u00e7u (Nova Igua\u00e7u &#8211; RJ), em Nova Igua\u00e7u &#8211; RJ<br>20.09.1934<br>Madureira 5&#215;1 Internacional (Petr\u00f3polis &#8211; RJ), no Rio de Janeiro &#8211; RJ<br>30.09.1934<br>Madureira 3&#215;0 Filhos de Igua\u00e7u (Nova Igua\u00e7u &#8211; RJ), no Rio de Janeiro &#8211; RJ<br>07.10.1934<br>Madureira 5&#215;1 Igua\u00e7u (Nova Igua\u00e7u &#8211; RJ), no Rio de Janeiro &#8211; RJ<br>21.10.1934<br>Madureira 1&#215;1 Bangu (Rio de Janeiro &#8211; RJ), no Rio de Janeiro &#8211; RJ<br>15.11.1934<br>Madureira 1&#215;0 Internacional (Petr\u00f3polis &#8211; RJ), em Petr\u00f3polis &#8211; RJ<br>02.12.1934<br>Madureira 2&#215;2 Am\u00e9rica (Rio de Janeiro &#8211; RJ), no Rio de Janeiro &#8211; RJ<br>30.12.1934<br>Madureira 4&#215;3 Bangu (Rio de Janeiro &#8211; RJ), no Rio de Janeiro &#8211; RJ<\/p>\n\n\n\n<p>Fonte: Arquivos do Autor<\/p>\n\r\n","protected":false},"excerpt":{"rendered":"<p>Campeonato Carioca &#8211; 2\u00aa Divis\u00e3o 13.05.1934Madureira 7&#215;1 Central (Rio de Janeiro &#8211; RJ), no Rio de Janeiro &#8211; RJ27.05.1934Madureira 2&#215;2 Del Castilho (Rio de Janeiro &#8211; RJ), no Rio de Janeiro &#8211; RJ10.06.1934Madureira 1&#215;1 Modesto (Rio de Janeiro &#8211; RJ), no Rio de Janeiro &#8211; RJ17.06.1934Madureira 3&#215;1 Bandeirantes (Rio de Janeiro &#8211; RJ), no Rio [&hellip;]<\/p>\n","protected":false},"author":2,"featured_media":0,"comment_status":"open","ping_status":"open","sticky":false,"template":"","format":"standard","meta":{"footnotes":""},"categories":[48,54,46,47,29,57],"tags":[],"class_list":["post-18017","post","type-post","status-publish","format-standard","hentry","category-campeonatos-historicos","category-fotos-historicas","category-jogos-amistosos-nacionais","category-jogos-historicos","category-rio-de-janeiro","category-temporadas"],"_links":{"self":[{"href":"https:\/\/arquivosfutebolbrasil.com.br\/blog\/wp-json\/wp\/v2\/posts\/18017"}],"collection":[{"href":"https:\/\/arquivosfutebolbrasil.com.br\/blog\/wp-json\/wp\/v2\/posts"}],"about":[{"href":"https:\/\/arquivosfutebolbrasil.com.br\/blog\/wp-json\/wp\/v2\/types\/post"}],"author":[{"embeddable":true,"href":"https:\/\/arquivosfutebolbrasil.com.br\/blog\/wp-json\/wp\/v2\/users\/2"}],"replies":[{"embeddable":true,"href":"https:\/\/arquivosfutebolbrasil.com.br\/blog\/wp-json\/wp\/v2\/comments?post=18017"}],"version-history":[{"count":1,"href":"https:\/\/arquivosfutebolbrasil.com.br\/blog\/wp-json\/wp\/v2\/posts\/18017\/revisions"}],"predecessor-version":[{"id":18019,"href":"https:\/\/arquivosfutebolbrasil.com.br\/blog\/wp-json\/wp\/v2\/posts\/18017\/revisions\/18019"}],"wp:attachment":[{"href":"https:\/\/arquivosfutebolbrasil.com.br\/blog\/wp-json\/wp\/v2\/media?parent=18017"}],"wp:term":[{"taxonomy":"category","embeddable":true,"href":"https:\/\/arquivosfutebolbrasil.com.br\/blog\/wp-json\/wp\/v2\/categories?post=18017"},{"taxonomy":"post_tag","embeddable":true,"href":"https:\/\/arquivosfutebolbrasil.com.br\/blog\/wp-json\/wp\/v2\/tags?post=18017"}],"curies":[{"name":"wp","href":"https:\/\/api.w.org\/{rel}","templated":true}]}}