{"id":18015,"date":"2021-04-12T14:04:16","date_gmt":"2021-04-12T17:04:16","guid":{"rendered":"https:\/\/arquivosfutebolbrasil.com.br\/blog\/?p=18015"},"modified":"2021-04-12T06:05:04","modified_gmt":"2021-04-12T09:05:04","slug":"campeonato-paulista-extra-da-divisao-principal-1926","status":"publish","type":"post","link":"https:\/\/arquivosfutebolbrasil.com.br\/blog\/2021\/04\/12\/campeonato-paulista-extra-da-divisao-principal-1926\/","title":{"rendered":"Campeonato Paulista Extra da Divis\u00e3o Principal &#8211;  1926"},"content":{"rendered":"\n<p>Em 1926 a <strong>ASSOCIA\u00c7\u00c3O PAULISTA DE ESPORTES ATL\u00c9TICOS<\/strong> organizou ap\u00f3s o Campeonato Paulista do presente ano, um torneio chamado de Campeonato Extra que terminou no in\u00edcio do ano seguinte. O t\u00edtulo ficou com o <strong>PALESTRA IT\u00c1LIA <\/strong>de S\u00e3o Paulo. Abaixo os resultados desta competi\u00e7\u00e3o:<\/p>\n\n\n\n<p><strong>Equipes Participantes:<\/strong><\/p>\n\n\n\n<p>Associa\u00e7\u00e3o Atl\u00e9tica S\u00e3o Bento (S\u00e3o Paulo)<br>Associa\u00e7\u00e3o Portuguesa de Desportos (S\u00e3o Paulo)<br>Auto Futebol Clube (S\u00e3o Paulo)<br>Clube Atl\u00e9tico Silex (S\u00e3o Paulo)<br>Clube Atl\u00e9tico Ypiranga (S\u00e3o Paulo)<br>Palestra It\u00e1lia (S\u00e3o Paulo)<br>Santos Futebol Clube (Santos)<br>Sport Club Corinthians Paulista (S\u00e3o Paulo)<br>Sport Club Internacional (S\u00e3o Paulo)<br>Sport Club S\u00edrio (S\u00e3o Paulo)<\/p>\n\n\n\n<p><strong>Grupo Par<\/strong><\/p>\n\n\n\n<p>19.12.1926<br>S\u00edrio 4&#215;2 Ypiranga<br>02.01.1927<br>Santos 11&#215;1 Ypiranga<br>02.01.1927<br>S\u00edrio 2&#215;2 Internacional<br>23.01.1927<br>Internacional 2&#215;1 Ypiranga<br>30.01.1927<br>Santos 3&#215;2 Internacional<br>06.02.1927<br>Santos 0xW0 S\u00edrio<\/p>\n\n\n\n<p>Partida cancelada por desist\u00eancia do Auto do campeonato:<\/p>\n\n\n\n<p>12.12.1926<br>Auto 3&#215;0 Internacional<\/p>\n\n\n\n<pre class=\"wp-block-code\"><code>     J   V   E   D   GP  GC  PG<\/code><\/pre>\n\n\n\n<p>01\u00ba S\u00edrio 03 02 01 00 06 04 05<br>02\u00ba Santos 03 02 00 01 14 03 04<br>03\u00ba Internacional 03 01 01 01 06 06 03<br>04\u00ba Ypiranga 03 00 00 03 04 17 00<\/p>\n\n\n\n<p><strong>Grupo Impar<\/strong><\/p>\n\n\n\n<p>12.12.1926<br>Palestra It\u00e1lia 5&#215;3 S\u00e3o Bento<br>19.12.1926<br>Silex 4&#215;3 Portuguesa<br>09.01.1927<br>Palestra It\u00e1lia 4&#215;2 Silex<br>16.01.1927<br>S\u00e3o Bento 5&#215;1 Silex<br>23.01.1927<br>Palestra It\u00e1lia 6&#215;3 Portuguesa<br>06.02.1927<br>S\u00e3o Bento W0x0 Portuguesa<\/p>\n\n\n\n<p>Partidas canceladas por desist\u00eancia do Corinthians do campeonato:<\/p>\n\n\n\n<p>02.01.1927<br>Corinthians 10&#215;1 Portuguesa<br>23.01.1927<br>Corinthians 3&#215;1 Silex<\/p>\n\n\n\n<pre class=\"wp-block-code\"><code>     J   V   E   D   GP  GC  PG<\/code><\/pre>\n\n\n\n<p>01\u00ba Palestra It\u00e1lia 03 03 00 00 15 08 06<br>02\u00ba S\u00e3o Bento 03 02 00 01 08 06 04<br>03\u00ba Silex 03 01 00 02 07 12 02<br>04\u00ba Portuguesa 03 00 00 03 06 10 00<\/p>\n\n\n\n<p><strong>Final<\/strong><\/p>\n\n\n\n<p>13.02.1927 Palestra It\u00e1lia 1&#215;0 S\u00edrio<\/p>\n\n\n\n<p>Fonte: Arquivos do Autor<\/p>\n\r\n","protected":false},"excerpt":{"rendered":"<p>Em 1926 a ASSOCIA\u00c7\u00c3O PAULISTA DE ESPORTES ATL\u00c9TICOS organizou ap\u00f3s o Campeonato Paulista do presente ano, um torneio chamado de Campeonato Extra que terminou no in\u00edcio do ano seguinte. O t\u00edtulo ficou com o PALESTRA IT\u00c1LIA de S\u00e3o Paulo. Abaixo os resultados desta competi\u00e7\u00e3o: Equipes Participantes: Associa\u00e7\u00e3o Atl\u00e9tica S\u00e3o Bento (S\u00e3o Paulo)Associa\u00e7\u00e3o Portuguesa de Desportos [&hellip;]<\/p>\n","protected":false},"author":2,"featured_media":0,"comment_status":"open","ping_status":"open","sticky":false,"template":"","format":"standard","meta":{"footnotes":""},"categories":[48,35],"tags":[],"class_list":["post-18015","post","type-post","status-publish","format-standard","hentry","category-campeonatos-historicos","category-sao-paulo"],"_links":{"self":[{"href":"https:\/\/arquivosfutebolbrasil.com.br\/blog\/wp-json\/wp\/v2\/posts\/18015"}],"collection":[{"href":"https:\/\/arquivosfutebolbrasil.com.br\/blog\/wp-json\/wp\/v2\/posts"}],"about":[{"href":"https:\/\/arquivosfutebolbrasil.com.br\/blog\/wp-json\/wp\/v2\/types\/post"}],"author":[{"embeddable":true,"href":"https:\/\/arquivosfutebolbrasil.com.br\/blog\/wp-json\/wp\/v2\/users\/2"}],"replies":[{"embeddable":true,"href":"https:\/\/arquivosfutebolbrasil.com.br\/blog\/wp-json\/wp\/v2\/comments?post=18015"}],"version-history":[{"count":1,"href":"https:\/\/arquivosfutebolbrasil.com.br\/blog\/wp-json\/wp\/v2\/posts\/18015\/revisions"}],"predecessor-version":[{"id":18016,"href":"https:\/\/arquivosfutebolbrasil.com.br\/blog\/wp-json\/wp\/v2\/posts\/18015\/revisions\/18016"}],"wp:attachment":[{"href":"https:\/\/arquivosfutebolbrasil.com.br\/blog\/wp-json\/wp\/v2\/media?parent=18015"}],"wp:term":[{"taxonomy":"category","embeddable":true,"href":"https:\/\/arquivosfutebolbrasil.com.br\/blog\/wp-json\/wp\/v2\/categories?post=18015"},{"taxonomy":"post_tag","embeddable":true,"href":"https:\/\/arquivosfutebolbrasil.com.br\/blog\/wp-json\/wp\/v2\/tags?post=18015"}],"curies":[{"name":"wp","href":"https:\/\/api.w.org\/{rel}","templated":true}]}}