{"id":17970,"date":"2021-04-15T22:37:00","date_gmt":"2021-04-16T01:37:00","guid":{"rendered":"https:\/\/arquivosfutebolbrasil.com.br\/blog\/?p=17970"},"modified":"2021-04-11T15:37:36","modified_gmt":"2021-04-11T18:37:36","slug":"festival-esportivo-do-uniao-fluminense-football-club-sao-paulo-sp-1927-4","status":"publish","type":"post","link":"https:\/\/arquivosfutebolbrasil.com.br\/blog\/2021\/04\/15\/festival-esportivo-do-uniao-fluminense-football-club-sao-paulo-sp-1927-4\/","title":{"rendered":"Festival Esportivo do Uni\u00e3o Fluminense Football Club (S\u00e3o Paulo \u2013 SP) \u2013 1927"},"content":{"rendered":"\n<p>Data: 23 de Janeiro de 1927<br>Local: Campo da Rua da Mo\u00f3ca, em S\u00e3o Paulo &#8211; SP<\/p>\n\n\n\n<p>2\u00ba Quadros &#8211; Uni\u00e3o Fluminense (S\u00e3o Paulo) 2&#215;2 Santana (S\u00e3o Paulo)<br>1\u00ba Quadros &#8211; Uni\u00e3o Fluminense (S\u00e3o Paulo) 3&#215;0 Santana (S\u00e3o Paulo)<br>1\u00ba Quadros &#8211; Independ\u00eancia (S\u00e3o Paulo) 3&#215;2 Ant\u00e1rctica (S\u00e3o Paulo)<\/p>\n\n\n\n<p>Fonte: Arquivos do Autor<\/p>\n\r\n","protected":false},"excerpt":{"rendered":"<p>Data: 23 de Janeiro de 1927Local: Campo da Rua da Mo\u00f3ca, em S\u00e3o Paulo &#8211; SP 2\u00ba Quadros &#8211; Uni\u00e3o Fluminense (S\u00e3o Paulo) 2&#215;2 Santana (S\u00e3o Paulo)1\u00ba Quadros &#8211; Uni\u00e3o Fluminense (S\u00e3o Paulo) 3&#215;0 Santana (S\u00e3o Paulo)1\u00ba Quadros &#8211; Independ\u00eancia (S\u00e3o Paulo) 3&#215;2 Ant\u00e1rctica (S\u00e3o Paulo) Fonte: Arquivos do Autor<\/p>\n","protected":false},"author":2,"featured_media":0,"comment_status":"open","ping_status":"open","sticky":false,"template":"","format":"standard","meta":{"footnotes":""},"categories":[46,47,35],"tags":[],"class_list":["post-17970","post","type-post","status-publish","format-standard","hentry","category-jogos-amistosos-nacionais","category-jogos-historicos","category-sao-paulo"],"_links":{"self":[{"href":"https:\/\/arquivosfutebolbrasil.com.br\/blog\/wp-json\/wp\/v2\/posts\/17970"}],"collection":[{"href":"https:\/\/arquivosfutebolbrasil.com.br\/blog\/wp-json\/wp\/v2\/posts"}],"about":[{"href":"https:\/\/arquivosfutebolbrasil.com.br\/blog\/wp-json\/wp\/v2\/types\/post"}],"author":[{"embeddable":true,"href":"https:\/\/arquivosfutebolbrasil.com.br\/blog\/wp-json\/wp\/v2\/users\/2"}],"replies":[{"embeddable":true,"href":"https:\/\/arquivosfutebolbrasil.com.br\/blog\/wp-json\/wp\/v2\/comments?post=17970"}],"version-history":[{"count":1,"href":"https:\/\/arquivosfutebolbrasil.com.br\/blog\/wp-json\/wp\/v2\/posts\/17970\/revisions"}],"predecessor-version":[{"id":17971,"href":"https:\/\/arquivosfutebolbrasil.com.br\/blog\/wp-json\/wp\/v2\/posts\/17970\/revisions\/17971"}],"wp:attachment":[{"href":"https:\/\/arquivosfutebolbrasil.com.br\/blog\/wp-json\/wp\/v2\/media?parent=17970"}],"wp:term":[{"taxonomy":"category","embeddable":true,"href":"https:\/\/arquivosfutebolbrasil.com.br\/blog\/wp-json\/wp\/v2\/categories?post=17970"},{"taxonomy":"post_tag","embeddable":true,"href":"https:\/\/arquivosfutebolbrasil.com.br\/blog\/wp-json\/wp\/v2\/tags?post=17970"}],"curies":[{"name":"wp","href":"https:\/\/api.w.org\/{rel}","templated":true}]}}