{"id":17964,"date":"2021-04-17T15:29:00","date_gmt":"2021-04-17T18:29:00","guid":{"rendered":"https:\/\/arquivosfutebolbrasil.com.br\/blog\/?p=17964"},"modified":"2021-04-11T15:31:17","modified_gmt":"2021-04-11T18:31:17","slug":"festival-esportivo-do-sport-club-mackenzie-rio-de-janeiro-1931","status":"publish","type":"post","link":"https:\/\/arquivosfutebolbrasil.com.br\/blog\/2021\/04\/17\/festival-esportivo-do-sport-club-mackenzie-rio-de-janeiro-1931\/","title":{"rendered":"Festival Esportivo do Sport Club Mackenzie (Rio de Janeiro) \u2013 1931"},"content":{"rendered":"\n<p>Data: 01 de Mar\u00e7o de 1931<br>Local: Campo do Flamengo, no Rio de Janeiro &#8211; RJ<\/p>\n\n\n\n<p>1\u00ba Quadros &#8211; Portuguesa (Rio de Janeiro) 4&#215;0 Mackenzie (Rio de Janeiro)<br>1\u00ba Quadros &#8211; Carioca (Rio de Janeiro) 2&#215;0 Bonsucesso (Rio de Janeiro)<br>1\u00ba Quadros &#8211; S\u00e3o Crist\u00f3v\u00e3o (Rio de Janeiro) 1&#215;0 Am\u00e9rica (Rio de Janeiro)<\/p>\n\n\n\n<p>Fonte: Arquivos do Autor<\/p>\n\r\n","protected":false},"excerpt":{"rendered":"<p>Data: 01 de Mar\u00e7o de 1931Local: Campo do Flamengo, no Rio de Janeiro &#8211; RJ 1\u00ba Quadros &#8211; Portuguesa (Rio de Janeiro) 4&#215;0 Mackenzie (Rio de Janeiro)1\u00ba Quadros &#8211; Carioca (Rio de Janeiro) 2&#215;0 Bonsucesso (Rio de Janeiro)1\u00ba Quadros &#8211; S\u00e3o Crist\u00f3v\u00e3o (Rio de Janeiro) 1&#215;0 Am\u00e9rica (Rio de Janeiro) Fonte: Arquivos do Autor<\/p>\n","protected":false},"author":2,"featured_media":0,"comment_status":"open","ping_status":"open","sticky":false,"template":"","format":"standard","meta":{"footnotes":""},"categories":[46,47,29],"tags":[],"class_list":["post-17964","post","type-post","status-publish","format-standard","hentry","category-jogos-amistosos-nacionais","category-jogos-historicos","category-rio-de-janeiro"],"_links":{"self":[{"href":"https:\/\/arquivosfutebolbrasil.com.br\/blog\/wp-json\/wp\/v2\/posts\/17964"}],"collection":[{"href":"https:\/\/arquivosfutebolbrasil.com.br\/blog\/wp-json\/wp\/v2\/posts"}],"about":[{"href":"https:\/\/arquivosfutebolbrasil.com.br\/blog\/wp-json\/wp\/v2\/types\/post"}],"author":[{"embeddable":true,"href":"https:\/\/arquivosfutebolbrasil.com.br\/blog\/wp-json\/wp\/v2\/users\/2"}],"replies":[{"embeddable":true,"href":"https:\/\/arquivosfutebolbrasil.com.br\/blog\/wp-json\/wp\/v2\/comments?post=17964"}],"version-history":[{"count":1,"href":"https:\/\/arquivosfutebolbrasil.com.br\/blog\/wp-json\/wp\/v2\/posts\/17964\/revisions"}],"predecessor-version":[{"id":17965,"href":"https:\/\/arquivosfutebolbrasil.com.br\/blog\/wp-json\/wp\/v2\/posts\/17964\/revisions\/17965"}],"wp:attachment":[{"href":"https:\/\/arquivosfutebolbrasil.com.br\/blog\/wp-json\/wp\/v2\/media?parent=17964"}],"wp:term":[{"taxonomy":"category","embeddable":true,"href":"https:\/\/arquivosfutebolbrasil.com.br\/blog\/wp-json\/wp\/v2\/categories?post=17964"},{"taxonomy":"post_tag","embeddable":true,"href":"https:\/\/arquivosfutebolbrasil.com.br\/blog\/wp-json\/wp\/v2\/tags?post=17964"}],"curies":[{"name":"wp","href":"https:\/\/api.w.org\/{rel}","templated":true}]}}