{"id":17833,"date":"2021-04-08T06:11:51","date_gmt":"2021-04-08T09:11:51","guid":{"rendered":"https:\/\/arquivosfutebolbrasil.com.br\/blog\/?p=17833"},"modified":"2021-04-08T06:11:52","modified_gmt":"2021-04-08T09:11:52","slug":"lagarto-esporte-clube-lagarto-se-temporada-oficial-de-1972","status":"publish","type":"post","link":"https:\/\/arquivosfutebolbrasil.com.br\/blog\/2021\/04\/08\/lagarto-esporte-clube-lagarto-se-temporada-oficial-de-1972\/","title":{"rendered":"Lagarto Esporte Clube (Lagarto &#8211; SE) &#8211; Temporada Oficial de 1972"},"content":{"rendered":"\n<figure class=\"wp-block-image size-large\"><img loading=\"lazy\" decoding=\"async\" width=\"797\" height=\"543\" src=\"https:\/\/arquivosfutebolbrasil.com.br\/blog\/wp-content\/uploads\/2021\/04\/image-8.png\" alt=\"\" class=\"wp-image-17834\" srcset=\"https:\/\/arquivosfutebolbrasil.com.br\/blog\/wp-content\/uploads\/2021\/04\/image-8.png 797w, https:\/\/arquivosfutebolbrasil.com.br\/blog\/wp-content\/uploads\/2021\/04\/image-8-300x204.png 300w, https:\/\/arquivosfutebolbrasil.com.br\/blog\/wp-content\/uploads\/2021\/04\/image-8-768x523.png 768w\" sizes=\"(max-width: 797px) 100vw, 797px\" \/><figcaption>Fonte: Eudo Robson<\/figcaption><\/figure>\n\n\n\n<p><strong>Campeonato Sergipano &#8211; 1\u00aa Divis\u00e3o<\/strong><br><br>02.04.1972<br>Lagarto 5&#215;3 Santa Cruz (Est\u00e2ncia), em Lagarto<br>09.04.1972<br>Lagarto 6&#215;0 Estanciano (Est\u00e2ncia), em Lagarto<br>16.04.1972<br>Lagarto 1&#215;0 Ol\u00edmpico (Aracaju), em Aracaju<br>23.04.1972<br>Lagarto 0x1 Sergipe (Aracaju), em Lagarto<br>30.04.1972<br>Lagarto 2&#215;0 Itabaiana (Itabaiana), em Lagarto<br>03.05.1972<br>Lagarto 0x2 Maruinense (Maruim), em Maruim<br>14.05.1972<br>Lagarto 1&#215;1 Am\u00e9rica (Propri\u00e1), em Lagarto<br>24.05.1972<br>Lagarto 2&#215;2 Vasco (Aracaju), em Aracaju<br>04.06.1972<br>Lagarto 7&#215;1 Propri\u00e1 (Propri\u00e1), em Lagarto<br>07.06.1972<br>Lagarto 3&#215;1 Cotinguiba (Aracaju), em Aracaju<br>13.07.1972<br>Lagarto 1&#215;4 Confian\u00e7a (Aracaju), em Aracaju<br>16.07.1972<br>Lagarto 1&#215;2 Sergipe (Aracaju), em Aracaju<br>23.07.1972<br>Lagarto 2&#215;2 Confian\u00e7a (Aracaju), em Lagarto<br>30.07.1972<br>Lagarto 2&#215;1 Itabaiana (Itabaiana), em Itabaiana<br>06.08.1972<br>Lagarto 4&#215;0 Santa Cruz (Est\u00e2ncia), em Est\u00e2ncia<br>13.08.1972<br>Lagarto 4&#215;2 Maruinense (Maruim), em Lagarto<br>20.08.1972<br>Lagarto 1&#215;0 Sergipe (Aracaju), em Aracaju<br>23.08.1972<br>Lagarto 0x1 Sergipe (Aracaju), em Aracaju<br>29.08.1972<br>Lagarto 2&#215;1 Sergipe (Aracaju), em Lagarto<br>01.09.1972<br>Lagarto 2&#215;4 Sergipe (Aracaju), em Aracaju<\/p>\n\n\n\n<p>Fonte: Arquivos do Autor<\/p>\n\r\n","protected":false},"excerpt":{"rendered":"<p>Campeonato Sergipano &#8211; 1\u00aa Divis\u00e3o 02.04.1972Lagarto 5&#215;3 Santa Cruz (Est\u00e2ncia), em Lagarto09.04.1972Lagarto 6&#215;0 Estanciano (Est\u00e2ncia), em Lagarto16.04.1972Lagarto 1&#215;0 Ol\u00edmpico (Aracaju), em Aracaju23.04.1972Lagarto 0x1 Sergipe (Aracaju), em Lagarto30.04.1972Lagarto 2&#215;0 Itabaiana (Itabaiana), em Lagarto03.05.1972Lagarto 0x2 Maruinense (Maruim), em Maruim14.05.1972Lagarto 1&#215;1 Am\u00e9rica (Propri\u00e1), em Lagarto24.05.1972Lagarto 2&#215;2 Vasco (Aracaju), em Aracaju04.06.1972Lagarto 7&#215;1 Propri\u00e1 (Propri\u00e1), em Lagarto07.06.1972Lagarto 3&#215;1 Cotinguiba (Aracaju), [&hellip;]<\/p>\n","protected":false},"author":2,"featured_media":0,"comment_status":"open","ping_status":"open","sticky":false,"template":"","format":"standard","meta":{"footnotes":""},"categories":[48,54,47,37,57],"tags":[],"class_list":["post-17833","post","type-post","status-publish","format-standard","hentry","category-campeonatos-historicos","category-fotos-historicas","category-jogos-historicos","category-sergipe","category-temporadas"],"_links":{"self":[{"href":"https:\/\/arquivosfutebolbrasil.com.br\/blog\/wp-json\/wp\/v2\/posts\/17833"}],"collection":[{"href":"https:\/\/arquivosfutebolbrasil.com.br\/blog\/wp-json\/wp\/v2\/posts"}],"about":[{"href":"https:\/\/arquivosfutebolbrasil.com.br\/blog\/wp-json\/wp\/v2\/types\/post"}],"author":[{"embeddable":true,"href":"https:\/\/arquivosfutebolbrasil.com.br\/blog\/wp-json\/wp\/v2\/users\/2"}],"replies":[{"embeddable":true,"href":"https:\/\/arquivosfutebolbrasil.com.br\/blog\/wp-json\/wp\/v2\/comments?post=17833"}],"version-history":[{"count":1,"href":"https:\/\/arquivosfutebolbrasil.com.br\/blog\/wp-json\/wp\/v2\/posts\/17833\/revisions"}],"predecessor-version":[{"id":17835,"href":"https:\/\/arquivosfutebolbrasil.com.br\/blog\/wp-json\/wp\/v2\/posts\/17833\/revisions\/17835"}],"wp:attachment":[{"href":"https:\/\/arquivosfutebolbrasil.com.br\/blog\/wp-json\/wp\/v2\/media?parent=17833"}],"wp:term":[{"taxonomy":"category","embeddable":true,"href":"https:\/\/arquivosfutebolbrasil.com.br\/blog\/wp-json\/wp\/v2\/categories?post=17833"},{"taxonomy":"post_tag","embeddable":true,"href":"https:\/\/arquivosfutebolbrasil.com.br\/blog\/wp-json\/wp\/v2\/tags?post=17833"}],"curies":[{"name":"wp","href":"https:\/\/api.w.org\/{rel}","templated":true}]}}