{"id":17790,"date":"2021-04-02T17:40:00","date_gmt":"2021-04-02T20:40:00","guid":{"rendered":"https:\/\/arquivosfutebolbrasil.com.br\/blog\/?p=17790"},"modified":"2021-03-27T17:42:02","modified_gmt":"2021-03-27T20:42:02","slug":"clube-atletico-pradense-antonio-prado-rs-temporada-oficial-de-1992","status":"publish","type":"post","link":"https:\/\/arquivosfutebolbrasil.com.br\/blog\/2021\/04\/02\/clube-atletico-pradense-antonio-prado-rs-temporada-oficial-de-1992\/","title":{"rendered":"Clube Atl\u00e9tico Pradense (Ant\u00f4nio Prado &#8211; RS) &#8211; Temporada Oficial de 1992"},"content":{"rendered":"\n<figure class=\"wp-block-image size-large\"><img loading=\"lazy\" decoding=\"async\" width=\"729\" height=\"532\" src=\"https:\/\/arquivosfutebolbrasil.com.br\/blog\/wp-content\/uploads\/2021\/03\/image-118.png\" alt=\"\" class=\"wp-image-17791\" srcset=\"https:\/\/arquivosfutebolbrasil.com.br\/blog\/wp-content\/uploads\/2021\/03\/image-118.png 729w, https:\/\/arquivosfutebolbrasil.com.br\/blog\/wp-content\/uploads\/2021\/03\/image-118-300x219.png 300w\" sizes=\"(max-width: 729px) 100vw, 729px\" \/><figcaption>Fonte: Paulinho Borges<\/figcaption><\/figure>\n\n\n\n<p><strong>Campeonato Ga\u00facho &#8211; 1\u00aa Divis\u00e3o<\/strong><\/p>\n\n\n\n<p>05.04.1992<br>Pradense 0x3 Guarany (Garibaldi), em Garibaldi<br>12.04.1992<br>Pradense 0x2 Brasil (Farroupilha), em Ant\u00f4nio Prado<br>19.04.1992<br>Pradense 0x1 Pratense (Nova Prata), em Nova Prata<br>26.04.1992<br>Pradense 0x1 Veran\u00f3polis (Veran\u00f3polis), em Ant\u00f4nio Prado<br>03.05.1992<br>Pradense 1&#215;1 Encantado (Encantado), em Encantado<br>17.05.1992<br>Pradense 0x2 Guarany (Garibaldi), em Ant\u00f4nio Prado<br>24.05.1992<br>Pradense 0x4 Brasil (Farroupilha), em Farroupilha<br>31.05.1992<br>Pradense 1&#215;1 Pratense (Nova Prata), em Ant\u00f4nio Prado<br>07.06.1992<br>Pradense 0x2 Veran\u00f3polis (Veran\u00f3polis), em Veran\u00f3polis<br>14.06.1992<br>Pradense 2&#215;1 Encantado (Encantado), em Ant\u00f4nio Prado<br>12.07.1992<br>Pradense 1&#215;0 Pratense (Nova Prata), em Ant\u00f4nio Prado<br>19.07.1992<br>Pradense 0x1 Encantado (Encantado), em Encantado<br>26.07.1992<br>Pradense 2&#215;1 Encantado (Encantado), em Ant\u00f4nio Prado<br>02.08.1992<br>Pradense 2&#215;1 Pratense (Nova Prata), em Nova Prata<br>16.08.1992<br>Pradense 1&#215;0 Santa B\u00e1rbara (Santa B\u00e1rbara do Sul), em Ant\u00f4nio Prado<br>23.08.1992<br>Pradense 0x1 Santa B\u00e1rbara (Santa B\u00e1rbara do Sul), em Santa B\u00e1rbara do Sul<br>26.08.1992<br>Pradense 1&#215;1 Santa B\u00e1rbara (Santa B\u00e1rbara do Sul), em Lajeado<br>30.08.1992<br>Pradense 0x2 Guarani (Uruguaiana), em Uruguaiana<br>06.09.1992<br>Pradense 2&#215;0 Guarani (Uruguaiana), em Ant\u00f4nio Prado<br>09.09.1992<br>Pradense 1&#215;0 Guarani (Uruguaiana), em Porto Alegre<br>13.09.1992<br>Pradense 0x0 Igrejinha (Igrejinha), em Ant\u00f4nio Prado<br>20.09.1992<br>Pradense 0x4 Guarany (Garibaldi), em Garibaldi<br>27.09.1992<br>Pradense 1&#215;1 S\u00e3o Jos\u00e9 (Porto Alegre), em Ant\u00f4nio Prado<br>04.10.1992<br>Pradense 0x0 Guarany (Bag\u00e9), em Bag\u00e9<br>11.10.1992<br>Pradense 0x1 14 de Julho (Santana do Livramento), em Ant\u00f4nio Prado<br>18.10.1992<br>Pradense 0x1 Brasil (Farroupilha), em Farroupilha<br>25.10.1992<br>Pradense 1&#215;0 Tresmaiense (Tr\u00eas de Maio), em Ant\u00f4nio Prado<br>01.11.1992<br>Pradense 1&#215;0 Tresmaiense (Tr\u00eas de Maio), em Tr\u00eas de Maio<br>08.11.1992<br>Pradense 0x4 Brasil (Farroupilha), em Ant\u00f4nio Prado<br>14.11.1992<br>Pradense 0x2 14 de Julho (Santana do Livramento), em Santana do Livramento<br>18.11.1992<br>Pradense 4&#215;2 Guarany (Bag\u00e9), em Ant\u00f4nio Prado<br>21.11.1992<br>Pradense 1&#215;0 S\u00e3o Jos\u00e9 (Porto Alegre), em Porto Alegre<br>29.11.1992<br>Pradense 1&#215;1 Guarany (Garibaldi), em Ant\u00f4nio Prado<br>02.12.1992<br>Pradense 1&#215;1 Igrejinha (Igrejinha), em Igrejinha<\/p>\n\n\n\n<p>Fonte: Livro &#8220;Hist\u00f3ria do Acesso no Futebol Ga\u00facho&#8221;<\/p>\n\r\n","protected":false},"excerpt":{"rendered":"<p>Campeonato Ga\u00facho &#8211; 1\u00aa Divis\u00e3o 05.04.1992Pradense 0x3 Guarany (Garibaldi), em Garibaldi12.04.1992Pradense 0x2 Brasil (Farroupilha), em Ant\u00f4nio Prado19.04.1992Pradense 0x1 Pratense (Nova Prata), em Nova Prata26.04.1992Pradense 0x1 Veran\u00f3polis (Veran\u00f3polis), em Ant\u00f4nio Prado03.05.1992Pradense 1&#215;1 Encantado (Encantado), em Encantado17.05.1992Pradense 0x2 Guarany (Garibaldi), em Ant\u00f4nio Prado24.05.1992Pradense 0x4 Brasil (Farroupilha), em Farroupilha31.05.1992Pradense 1&#215;1 Pratense (Nova Prata), em Ant\u00f4nio Prado07.06.1992Pradense 0x2 Veran\u00f3polis [&hellip;]<\/p>\n","protected":false},"author":2,"featured_media":0,"comment_status":"open","ping_status":"open","sticky":false,"template":"","format":"standard","meta":{"footnotes":""},"categories":[48,54,47,32,57],"tags":[],"class_list":["post-17790","post","type-post","status-publish","format-standard","hentry","category-campeonatos-historicos","category-fotos-historicas","category-jogos-historicos","category-rio-grande-do-sul","category-temporadas"],"_links":{"self":[{"href":"https:\/\/arquivosfutebolbrasil.com.br\/blog\/wp-json\/wp\/v2\/posts\/17790"}],"collection":[{"href":"https:\/\/arquivosfutebolbrasil.com.br\/blog\/wp-json\/wp\/v2\/posts"}],"about":[{"href":"https:\/\/arquivosfutebolbrasil.com.br\/blog\/wp-json\/wp\/v2\/types\/post"}],"author":[{"embeddable":true,"href":"https:\/\/arquivosfutebolbrasil.com.br\/blog\/wp-json\/wp\/v2\/users\/2"}],"replies":[{"embeddable":true,"href":"https:\/\/arquivosfutebolbrasil.com.br\/blog\/wp-json\/wp\/v2\/comments?post=17790"}],"version-history":[{"count":1,"href":"https:\/\/arquivosfutebolbrasil.com.br\/blog\/wp-json\/wp\/v2\/posts\/17790\/revisions"}],"predecessor-version":[{"id":17792,"href":"https:\/\/arquivosfutebolbrasil.com.br\/blog\/wp-json\/wp\/v2\/posts\/17790\/revisions\/17792"}],"wp:attachment":[{"href":"https:\/\/arquivosfutebolbrasil.com.br\/blog\/wp-json\/wp\/v2\/media?parent=17790"}],"wp:term":[{"taxonomy":"category","embeddable":true,"href":"https:\/\/arquivosfutebolbrasil.com.br\/blog\/wp-json\/wp\/v2\/categories?post=17790"},{"taxonomy":"post_tag","embeddable":true,"href":"https:\/\/arquivosfutebolbrasil.com.br\/blog\/wp-json\/wp\/v2\/tags?post=17790"}],"curies":[{"name":"wp","href":"https:\/\/api.w.org\/{rel}","templated":true}]}}