{"id":17787,"date":"2021-04-01T17:16:00","date_gmt":"2021-04-01T20:16:00","guid":{"rendered":"https:\/\/arquivosfutebolbrasil.com.br\/blog\/?p=17787"},"modified":"2021-03-27T17:18:06","modified_gmt":"2021-03-27T20:18:06","slug":"sete-de-setembro-futebol-clube-belo-horizonte-mg-temporada-oficial-de-1956","status":"publish","type":"post","link":"https:\/\/arquivosfutebolbrasil.com.br\/blog\/2021\/04\/01\/sete-de-setembro-futebol-clube-belo-horizonte-mg-temporada-oficial-de-1956\/","title":{"rendered":"Sete de Setembro Futebol Clube (Belo Horizonte \u2013 MG) \u2013 Temporada Oficial de 1956"},"content":{"rendered":"\n<figure class=\"wp-block-image size-large\"><img loading=\"lazy\" decoding=\"async\" width=\"752\" height=\"417\" src=\"https:\/\/arquivosfutebolbrasil.com.br\/blog\/wp-content\/uploads\/2021\/03\/image-117.png\" alt=\"\" class=\"wp-image-17788\" srcset=\"https:\/\/arquivosfutebolbrasil.com.br\/blog\/wp-content\/uploads\/2021\/03\/image-117.png 752w, https:\/\/arquivosfutebolbrasil.com.br\/blog\/wp-content\/uploads\/2021\/03\/image-117-300x166.png 300w\" sizes=\"(max-width: 752px) 100vw, 752px\" \/><figcaption>Fonte: Jo\u00e3o Leite<\/figcaption><\/figure>\n\n\n\n<p><strong>Campeonato Mineiro &#8211; 1956<\/strong><\/p>\n\n\n\n<p>04.08.1956<br>Sete de Setembro 2&#215;2 Asas (Lagoa Santa), em Belo Horizonte<br>12.08.1956<br>Sete de Setembro 1&#215;1 Meridional (Conselheiro Lafaiete), em Conselheiro Lafaiete<br>18.08.1956<br>Sete de Setembro 1&#215;2 Atl\u00e9tico (Belo Horizonte), em Belo Horizonte<br>26.08.1956<br>Sete de Setembro 0x3 Sider\u00fargica (Sabar\u00e1), em Sabar\u00e1<br>30.08.1956<br>Sete de Setembro 2&#215;1 Am\u00e9rica (Belo Horizonte), em Belo Horizonte<br>15.09.1956<br>Sete de Setembro 3&#215;1 Villa Nova (Nova Lima), em Belo Horizonte<br>23.09.1956<br>Sete de Setembro 0x1 Democrata (Sete Lagoas), em Sete Lagoas<br>30.09.1956<br>Sete de Setembro 2&#215;0 Metalusina (Bar\u00e3o de Cocais), em Belo Horizonte<br>07.10.1956<br>Sete de Setembro 2&#215;2 Cruzeiro (Belo Horizonte), em Belo Horizonte<br>11.11.1956<br>Sete de Setembro 2&#215;1 Villa Nova (Nova Lima), em Nova Lima<br>18.11.1956<br>Sete de Setembro 2&#215;1 Sider\u00fargica (Sabar\u00e1), em Belo Horizonte<br>25.11.1956<br>Sete de Setembro 2&#215;2 Cruzeiro (Belo Horizonte), em Belo Horizonte<\/p>\n\n\n\n<p><strong>Torneio Coronel Oscar Paschoal<\/strong><\/p>\n\n\n\n<p>15.01.1956<br>Sete de Setembro 4&#215;6 Cruzeiro (Belo Horizonte), em Belo Horizonte<br>05.02.1956<br>Sete de Setembro 3&#215;1 Metalusina (Bar\u00e3o de Cocais), em Belo Horizonte<br>25.02.1956<br>Sete de Setembro 0x0 Asas (Lagoa Santa), em Belo Horizonte<\/p>\n\n\n\n<p>Fonte: Cl\u00e1udio Freati<\/p>\n\r\n","protected":false},"excerpt":{"rendered":"<p>Campeonato Mineiro &#8211; 1956 04.08.1956Sete de Setembro 2&#215;2 Asas (Lagoa Santa), em Belo Horizonte12.08.1956Sete de Setembro 1&#215;1 Meridional (Conselheiro Lafaiete), em Conselheiro Lafaiete18.08.1956Sete de Setembro 1&#215;2 Atl\u00e9tico (Belo Horizonte), em Belo Horizonte26.08.1956Sete de Setembro 0x3 Sider\u00fargica (Sabar\u00e1), em Sabar\u00e130.08.1956Sete de Setembro 2&#215;1 Am\u00e9rica (Belo Horizonte), em Belo Horizonte15.09.1956Sete de Setembro 3&#215;1 Villa Nova (Nova Lima), [&hellip;]<\/p>\n","protected":false},"author":2,"featured_media":0,"comment_status":"open","ping_status":"open","sticky":false,"template":"","format":"standard","meta":{"footnotes":""},"categories":[48,54,47,23,57],"tags":[],"class_list":["post-17787","post","type-post","status-publish","format-standard","hentry","category-campeonatos-historicos","category-fotos-historicas","category-jogos-historicos","category-minas-gerais","category-temporadas"],"_links":{"self":[{"href":"https:\/\/arquivosfutebolbrasil.com.br\/blog\/wp-json\/wp\/v2\/posts\/17787"}],"collection":[{"href":"https:\/\/arquivosfutebolbrasil.com.br\/blog\/wp-json\/wp\/v2\/posts"}],"about":[{"href":"https:\/\/arquivosfutebolbrasil.com.br\/blog\/wp-json\/wp\/v2\/types\/post"}],"author":[{"embeddable":true,"href":"https:\/\/arquivosfutebolbrasil.com.br\/blog\/wp-json\/wp\/v2\/users\/2"}],"replies":[{"embeddable":true,"href":"https:\/\/arquivosfutebolbrasil.com.br\/blog\/wp-json\/wp\/v2\/comments?post=17787"}],"version-history":[{"count":1,"href":"https:\/\/arquivosfutebolbrasil.com.br\/blog\/wp-json\/wp\/v2\/posts\/17787\/revisions"}],"predecessor-version":[{"id":17789,"href":"https:\/\/arquivosfutebolbrasil.com.br\/blog\/wp-json\/wp\/v2\/posts\/17787\/revisions\/17789"}],"wp:attachment":[{"href":"https:\/\/arquivosfutebolbrasil.com.br\/blog\/wp-json\/wp\/v2\/media?parent=17787"}],"wp:term":[{"taxonomy":"category","embeddable":true,"href":"https:\/\/arquivosfutebolbrasil.com.br\/blog\/wp-json\/wp\/v2\/categories?post=17787"},{"taxonomy":"post_tag","embeddable":true,"href":"https:\/\/arquivosfutebolbrasil.com.br\/blog\/wp-json\/wp\/v2\/tags?post=17787"}],"curies":[{"name":"wp","href":"https:\/\/api.w.org\/{rel}","templated":true}]}}