{"id":17766,"date":"2021-04-02T10:20:00","date_gmt":"2021-04-02T13:20:00","guid":{"rendered":"https:\/\/arquivosfutebolbrasil.com.br\/blog\/?p=17766"},"modified":"2021-03-27T10:44:14","modified_gmt":"2021-03-27T13:44:14","slug":"campeonato-pernambucano-de-aspirantes-1965","status":"publish","type":"post","link":"https:\/\/arquivosfutebolbrasil.com.br\/blog\/2021\/04\/02\/campeonato-pernambucano-de-aspirantes-1965\/","title":{"rendered":"Campeonato Pernambucano de Aspirantes \u2013 1965"},"content":{"rendered":"\n<p><strong>1\u00ba Turno<\/strong><\/p>\n\n\n\n<p>22.08.1965<br>N\u00e1utico 3&#215;0 Am\u00e9rica<br>25.08.1965<br>N\u00e1utico 8&#215;2 \u00cdbis<br>29.08.1965<br>Sport 5&#215;0 Am\u00e9rica<br>01.09.1965<br>Santa Cruz 5&#215;0 Central<br>04.09.1965<br>Central 5&#215;1 \u00cdbis<br>10.09.1965<br>N\u00e1utico 2&#215;1 Central<br>12.09.1965<br>Santa Cruz 5&#215;1 \u00cdbis<br>15.09.1965<br>Central 1&#215;1 Am\u00e9rica<br>19.09.1965<br>Sport 8&#215;0 \u00cdbis<br>22.09.1965<br>Sport 1&#215;1 Santa Cruz<br>26.09.1965<br>Am\u00e9rica 5&#215;0 \u00cdbis<br>29.09.1965<br>N\u00e1utico 3&#215;1 Santa Cruz<br>03.10.1965<br>Sport 2&#215;3 Central<br>06.10.1965<br>N\u00e1utico 1&#215;0 Sport<br>10.10.1965<br>Santa Cruz x Am\u00e9rica<\/p>\n\n\n\n<p><strong>2\u00ba Turno<\/strong><\/p>\n\n\n\n<p>13.10.1965<br>Central 7&#215;1 \u00cdbis<br>17.10.1965<br>Sport x Am\u00e9rica<br>19.10.1965<br>Santa Cruz 5&#215;0 \u00cdbis<br>24.10.1965<br>N\u00e1utico 0x0 Am\u00e9rica<br>27.10.1965<br>N\u00e1utico 12&#215;1 \u00cdbis<br>31.10.1965<br>Central 2&#215;2 Santa Cruz<br>05.11.1965<br>Sport x \u00cdbis<br>07.11.1965<br>Am\u00e9rica 2&#215;1 Central<br>10.11.1965<br>Am\u00e9rica 5&#215;3 Santa Cruz<br>14.11.1965<br>Central 2&#215;3 Sport<br>17.11.1965<br>Santa Cruz 2&#215;0 N\u00e1utico<br>21.11.1965<br>Central 2&#215;1 N\u00e1utico<br>24.11.1965<br>Sport 3&#215;1 N\u00e1utico<br>26.11.1965<br>\u00cdbis &#8211; Am\u00e9rica<br>01.12.1965<br>Sport 1&#215;1 Santa Cruz<\/p>\n\n\n\n<p><strong>Final<\/strong><\/p>\n\n\n\n<p>09.12.1965<br>N\u00e1utico 2&#215;1 Sport<br>12.12.1965<br>N\u00e1utico 1&#215;0 Sport<\/p>\n\n\n\n<p>Campe\u00e3o &#8211; Clube N\u00e1utico Capibaribe (Recife &#8211; PE)<\/p>\n\r\n","protected":false},"excerpt":{"rendered":"<p>1\u00ba Turno 22.08.1965N\u00e1utico 3&#215;0 Am\u00e9rica25.08.1965N\u00e1utico 8&#215;2 \u00cdbis29.08.1965Sport 5&#215;0 Am\u00e9rica01.09.1965Santa Cruz 5&#215;0 Central04.09.1965Central 5&#215;1 \u00cdbis10.09.1965N\u00e1utico 2&#215;1 Central12.09.1965Santa Cruz 5&#215;1 \u00cdbis15.09.1965Central 1&#215;1 Am\u00e9rica19.09.1965Sport 8&#215;0 \u00cdbis22.09.1965Sport 1&#215;1 Santa Cruz26.09.1965Am\u00e9rica 5&#215;0 \u00cdbis29.09.1965N\u00e1utico 3&#215;1 Santa Cruz03.10.1965Sport 2&#215;3 Central06.10.1965N\u00e1utico 1&#215;0 Sport10.10.1965Santa Cruz x Am\u00e9rica 2\u00ba Turno 13.10.1965Central 7&#215;1 \u00cdbis17.10.1965Sport x Am\u00e9rica19.10.1965Santa Cruz 5&#215;0 \u00cdbis24.10.1965N\u00e1utico 0x0 Am\u00e9rica27.10.1965N\u00e1utico 12&#215;1 \u00cdbis31.10.1965Central 2&#215;2 Santa Cruz05.11.1965Sport [&hellip;]<\/p>\n","protected":false},"author":2,"featured_media":0,"comment_status":"open","ping_status":"open","sticky":false,"template":"","format":"standard","meta":{"footnotes":""},"categories":[48,27],"tags":[],"class_list":["post-17766","post","type-post","status-publish","format-standard","hentry","category-campeonatos-historicos","category-pernambuco"],"_links":{"self":[{"href":"https:\/\/arquivosfutebolbrasil.com.br\/blog\/wp-json\/wp\/v2\/posts\/17766"}],"collection":[{"href":"https:\/\/arquivosfutebolbrasil.com.br\/blog\/wp-json\/wp\/v2\/posts"}],"about":[{"href":"https:\/\/arquivosfutebolbrasil.com.br\/blog\/wp-json\/wp\/v2\/types\/post"}],"author":[{"embeddable":true,"href":"https:\/\/arquivosfutebolbrasil.com.br\/blog\/wp-json\/wp\/v2\/users\/2"}],"replies":[{"embeddable":true,"href":"https:\/\/arquivosfutebolbrasil.com.br\/blog\/wp-json\/wp\/v2\/comments?post=17766"}],"version-history":[{"count":1,"href":"https:\/\/arquivosfutebolbrasil.com.br\/blog\/wp-json\/wp\/v2\/posts\/17766\/revisions"}],"predecessor-version":[{"id":17767,"href":"https:\/\/arquivosfutebolbrasil.com.br\/blog\/wp-json\/wp\/v2\/posts\/17766\/revisions\/17767"}],"wp:attachment":[{"href":"https:\/\/arquivosfutebolbrasil.com.br\/blog\/wp-json\/wp\/v2\/media?parent=17766"}],"wp:term":[{"taxonomy":"category","embeddable":true,"href":"https:\/\/arquivosfutebolbrasil.com.br\/blog\/wp-json\/wp\/v2\/categories?post=17766"},{"taxonomy":"post_tag","embeddable":true,"href":"https:\/\/arquivosfutebolbrasil.com.br\/blog\/wp-json\/wp\/v2\/tags?post=17766"}],"curies":[{"name":"wp","href":"https:\/\/api.w.org\/{rel}","templated":true}]}}