{"id":17457,"date":"2021-03-11T16:22:00","date_gmt":"2021-03-11T19:22:00","guid":{"rendered":"https:\/\/arquivosfutebolbrasil.com.br\/blog\/?p=17457"},"modified":"2021-03-11T16:23:10","modified_gmt":"2021-03-11T19:23:10","slug":"torneio-quadrangular-interestadual-de-futsal-sc-1966","status":"publish","type":"post","link":"https:\/\/arquivosfutebolbrasil.com.br\/blog\/2021\/03\/11\/torneio-quadrangular-interestadual-de-futsal-sc-1966\/","title":{"rendered":"Torneio Quadrangular Interestadual de Futsal (SC) &#8211; 1966"},"content":{"rendered":"\n<p>1\u00aa rodada (25\/06\/1966, em Florian\u00f3polis &#8211; SC)<br>Caravana do Ar(SC) 4&#215;0 Paineiras(SC)<br>Barroso S\u00e3o Jos\u00e9(RS) 3&#215;1 12 de Agosto (SC)<\/p>\n\n\n\n<p>2\u00aa rodada (26\/06\/1966, em Florian\u00f3polis &#8211; SC)<br>12 de Agosto(SC) 4&#215;3 Paineiras(SC)<br>Caravana do Ar(SC) 5&#215;2 Barroso S\u00e3o Jos\u00e9(RS)<\/p>\n\n\n\n<p>Campe\u00e3o &#8211; Caravana do Ar Esporte Clube (Florian\u00f3polis &#8211; SC)<\/p>\n\n\n\n<p>Fonte: Arquivos do Autor<\/p>\n\r\n","protected":false},"excerpt":{"rendered":"<p>1\u00aa rodada (25\/06\/1966, em Florian\u00f3polis &#8211; SC)Caravana do Ar(SC) 4&#215;0 Paineiras(SC)Barroso S\u00e3o Jos\u00e9(RS) 3&#215;1 12 de Agosto (SC) 2\u00aa rodada (26\/06\/1966, em Florian\u00f3polis &#8211; SC)12 de Agosto(SC) 4&#215;3 Paineiras(SC)Caravana do Ar(SC) 5&#215;2 Barroso S\u00e3o Jos\u00e9(RS) Campe\u00e3o &#8211; Caravana do Ar Esporte Clube (Florian\u00f3polis &#8211; SC) Fonte: Arquivos do Autor<\/p>\n","protected":false},"author":2,"featured_media":0,"comment_status":"open","ping_status":"open","sticky":false,"template":"","format":"standard","meta":{"footnotes":""},"categories":[1],"tags":[],"class_list":["post-17457","post","type-post","status-publish","format-standard","hentry","category-brasil"],"_links":{"self":[{"href":"https:\/\/arquivosfutebolbrasil.com.br\/blog\/wp-json\/wp\/v2\/posts\/17457"}],"collection":[{"href":"https:\/\/arquivosfutebolbrasil.com.br\/blog\/wp-json\/wp\/v2\/posts"}],"about":[{"href":"https:\/\/arquivosfutebolbrasil.com.br\/blog\/wp-json\/wp\/v2\/types\/post"}],"author":[{"embeddable":true,"href":"https:\/\/arquivosfutebolbrasil.com.br\/blog\/wp-json\/wp\/v2\/users\/2"}],"replies":[{"embeddable":true,"href":"https:\/\/arquivosfutebolbrasil.com.br\/blog\/wp-json\/wp\/v2\/comments?post=17457"}],"version-history":[{"count":2,"href":"https:\/\/arquivosfutebolbrasil.com.br\/blog\/wp-json\/wp\/v2\/posts\/17457\/revisions"}],"predecessor-version":[{"id":17459,"href":"https:\/\/arquivosfutebolbrasil.com.br\/blog\/wp-json\/wp\/v2\/posts\/17457\/revisions\/17459"}],"wp:attachment":[{"href":"https:\/\/arquivosfutebolbrasil.com.br\/blog\/wp-json\/wp\/v2\/media?parent=17457"}],"wp:term":[{"taxonomy":"category","embeddable":true,"href":"https:\/\/arquivosfutebolbrasil.com.br\/blog\/wp-json\/wp\/v2\/categories?post=17457"},{"taxonomy":"post_tag","embeddable":true,"href":"https:\/\/arquivosfutebolbrasil.com.br\/blog\/wp-json\/wp\/v2\/tags?post=17457"}],"curies":[{"name":"wp","href":"https:\/\/api.w.org\/{rel}","templated":true}]}}