{"id":17396,"date":"2021-03-02T06:12:36","date_gmt":"2021-03-02T09:12:36","guid":{"rendered":"https:\/\/arquivosfutebolbrasil.com.br\/blog\/?p=17396"},"modified":"2021-03-02T06:12:38","modified_gmt":"2021-03-02T09:12:38","slug":"dracena-futebol-clube-dracena-sp-temporada-oficial-de-1988","status":"publish","type":"post","link":"https:\/\/arquivosfutebolbrasil.com.br\/blog\/2021\/03\/02\/dracena-futebol-clube-dracena-sp-temporada-oficial-de-1988\/","title":{"rendered":"Dracena Futebol Clube (Dracena &#8211; SP) &#8211; Temporada Oficial de 1988"},"content":{"rendered":"\n<figure class=\"wp-block-image size-large\"><img loading=\"lazy\" decoding=\"async\" width=\"707\" height=\"397\" src=\"https:\/\/arquivosfutebolbrasil.com.br\/blog\/wp-content\/uploads\/2021\/03\/image-5.png\" alt=\"\" class=\"wp-image-17397\" srcset=\"https:\/\/arquivosfutebolbrasil.com.br\/blog\/wp-content\/uploads\/2021\/03\/image-5.png 707w, https:\/\/arquivosfutebolbrasil.com.br\/blog\/wp-content\/uploads\/2021\/03\/image-5-300x168.png 300w\" sizes=\"(max-width: 707px) 100vw, 707px\" \/><figcaption>Fonte: Cl\u00e1udio Della Bandeira<\/figcaption><\/figure>\n\n\n\n<p><strong>Campeonato Paulista &#8211; 2\u00aa Divis\u00e3o<\/strong><\/p>\n\n\n\n<p>20.03.1988<br>Dracena 2&#215;1 Candidomotense (C\u00e2ndido Mota), em Dracena<br>27.03.1988<br>Dracena 1&#215;3 Palmital (Palmital), em Palmital<br>03.04.1988<br>Dracena 1&#215;0 Tup\u00e3 (Tup\u00e3), em Dracena<br>10.04.1988<br>Dracena 0x1 Santacruzense (Santa Cruz do Rio Pardo), em Santa Cruz do Rio Pardo<br>17.04.1988<br>Dracena 3&#215;1 Gar\u00e7a (Gar\u00e7a), em Dracena<br>24.04.1988<br>Dracena 1&#215;0 Guararapes (Guararapes), em Guararapes<br>01.05.1988<br>Dracena 3&#215;0 Penapolense (Pen\u00e1polis), em Dracena<br>08.05.1988<br>Dracena 0x2 Candidomotense (C\u00e2ndido Mota), em C\u00e2ndido Mota<br>15.05.1988<br>Dracena 2&#215;1 Palmital (Palmital), em Dracena<br>22.05.1988<br>Dracena 1&#215;1 Tup\u00e3 (Tup\u00e3), em Tup\u00e3<br>29.05.1988<br>Dracena 1&#215;0 Santacruzense (Santa Cruz do Rio Pardo), em Dracena<br>05.06.1988<br>Dracena 0x0 Gar\u00e7a (Gar\u00e7a), em Gar\u00e7a<br>12.06.1988<br>Dracena 1&#215;0 Guararapes (Guararapes), em Dracena<br>19.06.1988<br>Dracena 2&#215;0 Penapolense (Pen\u00e1polis), em Pen\u00e1polis<br>26.06.1988<br>Dracena 0x0 Monte Apraz\u00edvel (Monte Apraz\u00edvel), em Dracena<br>03.07.1988<br>Dracena 0x0 Jalesense (Jales), em Jales<br>10.07.1988<br>Dracena 3&#215;2 Guairense (Gua\u00edra), em Dracena<br>17.07.1988<br>Dracena 1&#215;2 Internacional (Bebedouro), em Bebedouro<br>30.07.1988<br>Dracena 0x1 Barretos (Barretos), em Barretos<br>07.08.1988<br>Dracena 0x0 Santa F\u00e9 (Sante F\u00e9 do Sul), em Dracena<br>14.08.1988<br>Dracena 0x2 Ol\u00edmpia (Ol\u00edmpia), em Ol\u00edmpia<br>21.08.1988<br>Dracena 0x1 Monte Apraz\u00edvel (Monte Apraz\u00edvel), em Monte Apraz\u00edvel<br>28.08.1988<br>Dracena 1&#215;0 Jalesense (Jales), em Dracena<br>04.09.1988<br>Dracena 1&#215;1 Guairense (Gua\u00edra), em Gua\u00edra<br>07.09.1988<br>Dracena 4&#215;0 Internacional (Bebedouro), em Dracena<br>18.09.1988<br>Dracena 0x0 Barretos (Barretos), em Dracena<br>25.09.1988<br>Dracena 0x1 Santa F\u00e9 (Sante F\u00e9 do Sul), em Santa F\u00e9 do Sul<br>02.10.1988<br>Dracena 2&#215;0 Ol\u00edmpia (Ol\u00edmpia), em Dracena<br>09.10.1988<br>Dracena 0x1 Candidomotense (C\u00e2ndido Mota), em C\u00e2ndido Mota<br>12.10.1988<br>Dracena 4&#215;0 Palmital (Palmital), em Dracena<br>16.10.1988<br>Dracena 0x1 Gar\u00e7a (Gar\u00e7a), em Gar\u00e7a<br>23.10.1988<br>Dracena 0x0 Gar\u00e7a (Gar\u00e7a), em Dracena<br>26.10.1988<br>Dracena 0x2 Palmital (Palmital), em Palmital<br>30.10.1988<br>Dracena 3&#215;3 Candidomotense (C\u00e2ndido Mota), em Dracena<\/p>\n\n\n\n<p>Fonte: Arquivos do Autor<\/p>\n\r\n","protected":false},"excerpt":{"rendered":"<p>Campeonato Paulista &#8211; 2\u00aa Divis\u00e3o 20.03.1988Dracena 2&#215;1 Candidomotense (C\u00e2ndido Mota), em Dracena27.03.1988Dracena 1&#215;3 Palmital (Palmital), em Palmital03.04.1988Dracena 1&#215;0 Tup\u00e3 (Tup\u00e3), em Dracena10.04.1988Dracena 0x1 Santacruzense (Santa Cruz do Rio Pardo), em Santa Cruz do Rio Pardo17.04.1988Dracena 3&#215;1 Gar\u00e7a (Gar\u00e7a), em Dracena24.04.1988Dracena 1&#215;0 Guararapes (Guararapes), em Guararapes01.05.1988Dracena 3&#215;0 Penapolense (Pen\u00e1polis), em Dracena08.05.1988Dracena 0x2 Candidomotense (C\u00e2ndido Mota), em [&hellip;]<\/p>\n","protected":false},"author":2,"featured_media":0,"comment_status":"open","ping_status":"open","sticky":false,"template":"","format":"standard","meta":{"footnotes":""},"categories":[48,54,47,35,57],"tags":[],"class_list":["post-17396","post","type-post","status-publish","format-standard","hentry","category-campeonatos-historicos","category-fotos-historicas","category-jogos-historicos","category-sao-paulo","category-temporadas"],"_links":{"self":[{"href":"https:\/\/arquivosfutebolbrasil.com.br\/blog\/wp-json\/wp\/v2\/posts\/17396"}],"collection":[{"href":"https:\/\/arquivosfutebolbrasil.com.br\/blog\/wp-json\/wp\/v2\/posts"}],"about":[{"href":"https:\/\/arquivosfutebolbrasil.com.br\/blog\/wp-json\/wp\/v2\/types\/post"}],"author":[{"embeddable":true,"href":"https:\/\/arquivosfutebolbrasil.com.br\/blog\/wp-json\/wp\/v2\/users\/2"}],"replies":[{"embeddable":true,"href":"https:\/\/arquivosfutebolbrasil.com.br\/blog\/wp-json\/wp\/v2\/comments?post=17396"}],"version-history":[{"count":1,"href":"https:\/\/arquivosfutebolbrasil.com.br\/blog\/wp-json\/wp\/v2\/posts\/17396\/revisions"}],"predecessor-version":[{"id":17398,"href":"https:\/\/arquivosfutebolbrasil.com.br\/blog\/wp-json\/wp\/v2\/posts\/17396\/revisions\/17398"}],"wp:attachment":[{"href":"https:\/\/arquivosfutebolbrasil.com.br\/blog\/wp-json\/wp\/v2\/media?parent=17396"}],"wp:term":[{"taxonomy":"category","embeddable":true,"href":"https:\/\/arquivosfutebolbrasil.com.br\/blog\/wp-json\/wp\/v2\/categories?post=17396"},{"taxonomy":"post_tag","embeddable":true,"href":"https:\/\/arquivosfutebolbrasil.com.br\/blog\/wp-json\/wp\/v2\/tags?post=17396"}],"curies":[{"name":"wp","href":"https:\/\/api.w.org\/{rel}","templated":true}]}}