{"id":17339,"date":"2021-03-01T16:32:00","date_gmt":"2021-03-01T19:32:00","guid":{"rendered":"https:\/\/arquivosfutebolbrasil.com.br\/blog\/?p=17339"},"modified":"2021-02-27T16:33:05","modified_gmt":"2021-02-27T19:33:05","slug":"festival-esportivo-do-spartanos-football-club-sao-paulo-sp-em-1928","status":"publish","type":"post","link":"https:\/\/arquivosfutebolbrasil.com.br\/blog\/2021\/03\/01\/festival-esportivo-do-spartanos-football-club-sao-paulo-sp-em-1928\/","title":{"rendered":"Festival Esportivo do Spartanos Football Club (S\u00e3o Paulo &#8211; SP) em 1928"},"content":{"rendered":"\n<p>Em comemora\u00e7\u00e3o ao 14\u00ba Anivers\u00e1rio de funda\u00e7\u00e3o do clube<\/p>\n\n\n\n<p>Data: 01 de Janeiro de 1928<br>Local: S\u00e3o Paulo &#8211; SP<\/p>\n\n\n\n<p>2\u00ba Quadros &#8211; Estrela de Ouro (S\u00e3o Paulo) 1&#215;0 Spartanos (S\u00e3o Paulo)<br>1\u00ba Quadros &#8211; Cotonif\u00edcio Rodolfo Crespi (S\u00e3o Paulo) 4&#215;1 Volunt\u00e1rios da P\u00e1tria (S\u00e3o Paulo)<br>1\u00ba Quadros &#8211; Palestra It\u00e1lia (S\u00e3o Paulo) 1&#215;0 Spartanos (S\u00e3o Paulo)<\/p>\n\n\n\n<p>Fonte: Arquivos do Autor<\/p>\n\r\n","protected":false},"excerpt":{"rendered":"<p>Em comemora\u00e7\u00e3o ao 14\u00ba Anivers\u00e1rio de funda\u00e7\u00e3o do clube Data: 01 de Janeiro de 1928Local: S\u00e3o Paulo &#8211; SP 2\u00ba Quadros &#8211; Estrela de Ouro (S\u00e3o Paulo) 1&#215;0 Spartanos (S\u00e3o Paulo)1\u00ba Quadros &#8211; Cotonif\u00edcio Rodolfo Crespi (S\u00e3o Paulo) 4&#215;1 Volunt\u00e1rios da P\u00e1tria (S\u00e3o Paulo)1\u00ba Quadros &#8211; Palestra It\u00e1lia (S\u00e3o Paulo) 1&#215;0 Spartanos (S\u00e3o Paulo) Fonte: [&hellip;]<\/p>\n","protected":false},"author":2,"featured_media":0,"comment_status":"open","ping_status":"open","sticky":false,"template":"","format":"standard","meta":{"footnotes":""},"categories":[46,47,35],"tags":[],"class_list":["post-17339","post","type-post","status-publish","format-standard","hentry","category-jogos-amistosos-nacionais","category-jogos-historicos","category-sao-paulo"],"_links":{"self":[{"href":"https:\/\/arquivosfutebolbrasil.com.br\/blog\/wp-json\/wp\/v2\/posts\/17339"}],"collection":[{"href":"https:\/\/arquivosfutebolbrasil.com.br\/blog\/wp-json\/wp\/v2\/posts"}],"about":[{"href":"https:\/\/arquivosfutebolbrasil.com.br\/blog\/wp-json\/wp\/v2\/types\/post"}],"author":[{"embeddable":true,"href":"https:\/\/arquivosfutebolbrasil.com.br\/blog\/wp-json\/wp\/v2\/users\/2"}],"replies":[{"embeddable":true,"href":"https:\/\/arquivosfutebolbrasil.com.br\/blog\/wp-json\/wp\/v2\/comments?post=17339"}],"version-history":[{"count":1,"href":"https:\/\/arquivosfutebolbrasil.com.br\/blog\/wp-json\/wp\/v2\/posts\/17339\/revisions"}],"predecessor-version":[{"id":17340,"href":"https:\/\/arquivosfutebolbrasil.com.br\/blog\/wp-json\/wp\/v2\/posts\/17339\/revisions\/17340"}],"wp:attachment":[{"href":"https:\/\/arquivosfutebolbrasil.com.br\/blog\/wp-json\/wp\/v2\/media?parent=17339"}],"wp:term":[{"taxonomy":"category","embeddable":true,"href":"https:\/\/arquivosfutebolbrasil.com.br\/blog\/wp-json\/wp\/v2\/categories?post=17339"},{"taxonomy":"post_tag","embeddable":true,"href":"https:\/\/arquivosfutebolbrasil.com.br\/blog\/wp-json\/wp\/v2\/tags?post=17339"}],"curies":[{"name":"wp","href":"https:\/\/api.w.org\/{rel}","templated":true}]}}