{"id":17337,"date":"2021-02-28T16:31:00","date_gmt":"2021-02-28T19:31:00","guid":{"rendered":"https:\/\/arquivosfutebolbrasil.com.br\/blog\/?p=17337"},"modified":"2021-02-27T16:32:22","modified_gmt":"2021-02-27T19:32:22","slug":"festival-esportivo-da-associacao-paulista-de-esportes-atleticos-sp-em-1928","status":"publish","type":"post","link":"https:\/\/arquivosfutebolbrasil.com.br\/blog\/2021\/02\/28\/festival-esportivo-da-associacao-paulista-de-esportes-atleticos-sp-em-1928\/","title":{"rendered":"Festival Esportivo da Associa\u00e7\u00e3o Paulista de Esportes Atl\u00e9ticos (SP) em 1928"},"content":{"rendered":"\n<p>Em homenagem ao Presidente do Estado de S\u00e3o Paulo, Sr. Julio Prestes<\/p>\n\n\n\n<p>Data: 28 de Janeiro de 1928<br>Local: Campo do Palestra It\u00e1lia, em S\u00e3o Paulo &#8211; SP<\/p>\n\n\n\n<p>1\u00ba Quadros &#8211; S\u00e3o Paulo Alpargatas (S\u00e3o Paulo) 5&#215;2 Silex (S\u00e3o Paulo)<br>1\u00ba Quadros &#8211; Palestra It\u00e1lia (S\u00e3o Paulo) 1&#215;0 Santos (Santos)<\/p>\n\n\n\n<p>Fonte: Arquivos do Autor<\/p>\n\r\n","protected":false},"excerpt":{"rendered":"<p>Em homenagem ao Presidente do Estado de S\u00e3o Paulo, Sr. Julio Prestes Data: 28 de Janeiro de 1928Local: Campo do Palestra It\u00e1lia, em S\u00e3o Paulo &#8211; SP 1\u00ba Quadros &#8211; S\u00e3o Paulo Alpargatas (S\u00e3o Paulo) 5&#215;2 Silex (S\u00e3o Paulo)1\u00ba Quadros &#8211; Palestra It\u00e1lia (S\u00e3o Paulo) 1&#215;0 Santos (Santos) Fonte: Arquivos do Autor<\/p>\n","protected":false},"author":2,"featured_media":0,"comment_status":"open","ping_status":"open","sticky":false,"template":"","format":"standard","meta":{"footnotes":""},"categories":[46,47,35],"tags":[],"class_list":["post-17337","post","type-post","status-publish","format-standard","hentry","category-jogos-amistosos-nacionais","category-jogos-historicos","category-sao-paulo"],"_links":{"self":[{"href":"https:\/\/arquivosfutebolbrasil.com.br\/blog\/wp-json\/wp\/v2\/posts\/17337"}],"collection":[{"href":"https:\/\/arquivosfutebolbrasil.com.br\/blog\/wp-json\/wp\/v2\/posts"}],"about":[{"href":"https:\/\/arquivosfutebolbrasil.com.br\/blog\/wp-json\/wp\/v2\/types\/post"}],"author":[{"embeddable":true,"href":"https:\/\/arquivosfutebolbrasil.com.br\/blog\/wp-json\/wp\/v2\/users\/2"}],"replies":[{"embeddable":true,"href":"https:\/\/arquivosfutebolbrasil.com.br\/blog\/wp-json\/wp\/v2\/comments?post=17337"}],"version-history":[{"count":1,"href":"https:\/\/arquivosfutebolbrasil.com.br\/blog\/wp-json\/wp\/v2\/posts\/17337\/revisions"}],"predecessor-version":[{"id":17338,"href":"https:\/\/arquivosfutebolbrasil.com.br\/blog\/wp-json\/wp\/v2\/posts\/17337\/revisions\/17338"}],"wp:attachment":[{"href":"https:\/\/arquivosfutebolbrasil.com.br\/blog\/wp-json\/wp\/v2\/media?parent=17337"}],"wp:term":[{"taxonomy":"category","embeddable":true,"href":"https:\/\/arquivosfutebolbrasil.com.br\/blog\/wp-json\/wp\/v2\/categories?post=17337"},{"taxonomy":"post_tag","embeddable":true,"href":"https:\/\/arquivosfutebolbrasil.com.br\/blog\/wp-json\/wp\/v2\/tags?post=17337"}],"curies":[{"name":"wp","href":"https:\/\/api.w.org\/{rel}","templated":true}]}}