{"id":17058,"date":"2021-02-05T10:41:55","date_gmt":"2021-02-05T13:41:55","guid":{"rendered":"https:\/\/arquivosfutebolbrasil.com.br\/blog\/?p=17058"},"modified":"2021-02-05T10:41:57","modified_gmt":"2021-02-05T13:41:57","slug":"festival-esportivo-paulista-1929","status":"publish","type":"post","link":"https:\/\/arquivosfutebolbrasil.com.br\/blog\/2021\/02\/05\/festival-esportivo-paulista-1929\/","title":{"rendered":"Festival Esportivo Paulista \u2013 1929"},"content":{"rendered":"\n<p>Data: 28 de abril de 1929<br>Local: Parque Ant\u00e1rctica, em S\u00e3o Paulo &#8211; SP<\/p>\n\n\n\n<p>1\u00ba quadros &#8211; Cotonif\u00edcio Rodolfo Crespi (S\u00e3o Paulo) 3&#215;2 Uni\u00e3o Lapa (S\u00e3o Paulo)<br>1\u00ba quadros &#8211; Sele\u00e7\u00e3o da APEA 3&#215;0 Barracas (Argentina)<\/p>\n\n\n\n<p>Fonte: Arquivos do Autor<\/p>\n\r\n","protected":false},"excerpt":{"rendered":"<p>Data: 28 de abril de 1929Local: Parque Ant\u00e1rctica, em S\u00e3o Paulo &#8211; SP 1\u00ba quadros &#8211; Cotonif\u00edcio Rodolfo Crespi (S\u00e3o Paulo) 3&#215;2 Uni\u00e3o Lapa (S\u00e3o Paulo)1\u00ba quadros &#8211; Sele\u00e7\u00e3o da APEA 3&#215;0 Barracas (Argentina) Fonte: Arquivos do Autor<\/p>\n","protected":false},"author":2,"featured_media":0,"comment_status":"open","ping_status":"open","sticky":false,"template":"","format":"standard","meta":{"footnotes":""},"categories":[42,46,47,35],"tags":[],"class_list":["post-17058","post","type-post","status-publish","format-standard","hentry","category-jogos-amistosos-internacionais","category-jogos-amistosos-nacionais","category-jogos-historicos","category-sao-paulo"],"_links":{"self":[{"href":"https:\/\/arquivosfutebolbrasil.com.br\/blog\/wp-json\/wp\/v2\/posts\/17058"}],"collection":[{"href":"https:\/\/arquivosfutebolbrasil.com.br\/blog\/wp-json\/wp\/v2\/posts"}],"about":[{"href":"https:\/\/arquivosfutebolbrasil.com.br\/blog\/wp-json\/wp\/v2\/types\/post"}],"author":[{"embeddable":true,"href":"https:\/\/arquivosfutebolbrasil.com.br\/blog\/wp-json\/wp\/v2\/users\/2"}],"replies":[{"embeddable":true,"href":"https:\/\/arquivosfutebolbrasil.com.br\/blog\/wp-json\/wp\/v2\/comments?post=17058"}],"version-history":[{"count":1,"href":"https:\/\/arquivosfutebolbrasil.com.br\/blog\/wp-json\/wp\/v2\/posts\/17058\/revisions"}],"predecessor-version":[{"id":17059,"href":"https:\/\/arquivosfutebolbrasil.com.br\/blog\/wp-json\/wp\/v2\/posts\/17058\/revisions\/17059"}],"wp:attachment":[{"href":"https:\/\/arquivosfutebolbrasil.com.br\/blog\/wp-json\/wp\/v2\/media?parent=17058"}],"wp:term":[{"taxonomy":"category","embeddable":true,"href":"https:\/\/arquivosfutebolbrasil.com.br\/blog\/wp-json\/wp\/v2\/categories?post=17058"},{"taxonomy":"post_tag","embeddable":true,"href":"https:\/\/arquivosfutebolbrasil.com.br\/blog\/wp-json\/wp\/v2\/tags?post=17058"}],"curies":[{"name":"wp","href":"https:\/\/api.w.org\/{rel}","templated":true}]}}