{"id":16414,"date":"2021-01-07T19:37:00","date_gmt":"2021-01-07T22:37:00","guid":{"rendered":"https:\/\/arquivosfutebolbrasil.com.br\/blog\/?p=16414"},"modified":"2021-01-04T19:38:58","modified_gmt":"2021-01-04T22:38:58","slug":"volkswagen-clube-sao-bernardo-do-campo-sp-temporada-oficial-de-1965","status":"publish","type":"post","link":"https:\/\/arquivosfutebolbrasil.com.br\/blog\/2021\/01\/07\/volkswagen-clube-sao-bernardo-do-campo-sp-temporada-oficial-de-1965\/","title":{"rendered":"Volkswagen Clube (S\u00e3o Bernardo do Campo \u2013 SP) \u2013 Temporada Oficial de 1965"},"content":{"rendered":"\n<div class=\"wp-block-image\"><figure class=\"aligncenter size-large\"><img loading=\"lazy\" decoding=\"async\" width=\"620\" height=\"383\" src=\"https:\/\/arquivosfutebolbrasil.com.br\/blog\/wp-content\/uploads\/2021\/01\/image-19.png\" alt=\"\" class=\"wp-image-16415\" srcset=\"https:\/\/arquivosfutebolbrasil.com.br\/blog\/wp-content\/uploads\/2021\/01\/image-19.png 620w, https:\/\/arquivosfutebolbrasil.com.br\/blog\/wp-content\/uploads\/2021\/01\/image-19-300x185.png 300w\" sizes=\"(max-width: 620px) 100vw, 620px\" \/><figcaption>Fonte: Claudio Aldecir Oliveira<\/figcaption><\/figure><\/div>\n\n\n\n<p><strong>Campeonato Paulista &#8211; 2\u00aa Divis\u00e3o<\/strong><\/p>\n\n\n\n<p>13.06.1965<br>Volkswagen 2&#215;2 Monte Alegre (S\u00e3o Caetano do Sul), em S\u00e3o Caetano do Sul<br>20.06.1965<br>Volkswagen 2&#215;2 Cer\u00e2mica (S\u00e3o Caetano do Sul), em S\u00e3o Bernardo do Campo<br>27.06.1965<br>Volkswagen 2&#215;0 Itatiba (Itatiba), em Itatiba<br>04.07.1965<br>Volkswagen 2&#215;1 Nitroqu\u00edmica (S\u00e3o Miguel Paulista), em S\u00e3o Miguel Paulista<br>11.07.1965<br>Volkswagen 2&#215;4 S\u00e3o Jos\u00e9 (S\u00e3o Jos\u00e9 dos Campos), em S\u00e3o Bernardo do Campo<br>18.07.1965<br>Volkswagen 2&#215;1 Estrela (Piquete), em Piquete<br>25.07.1965<br>Volkswagen 3&#215;1 Ca\u00e7apavense (Ca\u00e7aoava), em S\u00e3o Bernardo do Campo<br>01.08.1965<br>Volkswagen 0x2 Hepacar\u00e9 (Lorena), em Lorena<br>08.08.1965<br>Volkswagen 4&#215;1 Alum\u00ednio (Alum\u00ednio), em S\u00e3o Bernardo do Campo<br>15.08.1965<br>Volkswagen 2&#215;1 Monte Alegre (S\u00e3o Caetano do Sul), em S\u00e3o Bernardo do Campo<br>22.08.1965<br>Volkswagen 1&#215;2 Cer\u00e2mica (S\u00e3o Caetano do Sul), em S\u00e3o Caetano do Sul<br>29.08.1965<br>Volkswagen 2&#215;0 Itatiba (Itatiba), em S\u00e3o Bernardo do Campo<br>05.09.1965<br>Volkswagen 1&#215;0 Nitroqu\u00edmica (S\u00e3o Miguel Paulista), em S\u00e3o Bernardo do Campo<br>12.09.1965<br>Volkswagen 1&#215;2 S\u00e3o Jos\u00e9 (S\u00e3o Jos\u00e9 dos Campos), em S\u00e3o Jos\u00e9 dos Campos<br>19.09.1965<br>Volkswagen 0x0 Estrela (Piquete), em S\u00e3o Bernardo do Campo<br>26.09.1965<br>Volkswagen 2&#215;3 Ca\u00e7apavense (Ca\u00e7aoava), em Ca\u00e7apava<br>03.10.1965<br>Volkswagen 2&#215;0 Hepacar\u00e9 (Lorena), em S\u00e3o Bernardo do Campo<br>10.10.1965<br>Volkswagen 2&#215;3 Alum\u00ednio (Alum\u00ednio), em Alum\u00ednio<\/p>\n\n\n\n<p>Fonte: Arquivos do Autor<\/p>\n\r\n","protected":false},"excerpt":{"rendered":"<p>Campeonato Paulista &#8211; 2\u00aa Divis\u00e3o 13.06.1965Volkswagen 2&#215;2 Monte Alegre (S\u00e3o Caetano do Sul), em S\u00e3o Caetano do Sul20.06.1965Volkswagen 2&#215;2 Cer\u00e2mica (S\u00e3o Caetano do Sul), em S\u00e3o Bernardo do Campo27.06.1965Volkswagen 2&#215;0 Itatiba (Itatiba), em Itatiba04.07.1965Volkswagen 2&#215;1 Nitroqu\u00edmica (S\u00e3o Miguel Paulista), em S\u00e3o Miguel Paulista11.07.1965Volkswagen 2&#215;4 S\u00e3o Jos\u00e9 (S\u00e3o Jos\u00e9 dos Campos), em S\u00e3o Bernardo do Campo18.07.1965Volkswagen [&hellip;]<\/p>\n","protected":false},"author":2,"featured_media":0,"comment_status":"open","ping_status":"open","sticky":false,"template":"","format":"standard","meta":{"footnotes":""},"categories":[48,54,47,35,57],"tags":[],"class_list":["post-16414","post","type-post","status-publish","format-standard","hentry","category-campeonatos-historicos","category-fotos-historicas","category-jogos-historicos","category-sao-paulo","category-temporadas"],"_links":{"self":[{"href":"https:\/\/arquivosfutebolbrasil.com.br\/blog\/wp-json\/wp\/v2\/posts\/16414"}],"collection":[{"href":"https:\/\/arquivosfutebolbrasil.com.br\/blog\/wp-json\/wp\/v2\/posts"}],"about":[{"href":"https:\/\/arquivosfutebolbrasil.com.br\/blog\/wp-json\/wp\/v2\/types\/post"}],"author":[{"embeddable":true,"href":"https:\/\/arquivosfutebolbrasil.com.br\/blog\/wp-json\/wp\/v2\/users\/2"}],"replies":[{"embeddable":true,"href":"https:\/\/arquivosfutebolbrasil.com.br\/blog\/wp-json\/wp\/v2\/comments?post=16414"}],"version-history":[{"count":1,"href":"https:\/\/arquivosfutebolbrasil.com.br\/blog\/wp-json\/wp\/v2\/posts\/16414\/revisions"}],"predecessor-version":[{"id":16416,"href":"https:\/\/arquivosfutebolbrasil.com.br\/blog\/wp-json\/wp\/v2\/posts\/16414\/revisions\/16416"}],"wp:attachment":[{"href":"https:\/\/arquivosfutebolbrasil.com.br\/blog\/wp-json\/wp\/v2\/media?parent=16414"}],"wp:term":[{"taxonomy":"category","embeddable":true,"href":"https:\/\/arquivosfutebolbrasil.com.br\/blog\/wp-json\/wp\/v2\/categories?post=16414"},{"taxonomy":"post_tag","embeddable":true,"href":"https:\/\/arquivosfutebolbrasil.com.br\/blog\/wp-json\/wp\/v2\/tags?post=16414"}],"curies":[{"name":"wp","href":"https:\/\/api.w.org\/{rel}","templated":true}]}}