{"id":16287,"date":"2020-12-30T19:27:57","date_gmt":"2020-12-30T22:27:57","guid":{"rendered":"https:\/\/arquivosfutebolbrasil.com.br\/blog\/?p=16287"},"modified":"2020-12-30T19:27:59","modified_gmt":"2020-12-30T22:27:59","slug":"guarany-futebol-clube-bage-rs-temporada-oficial-de-1973","status":"publish","type":"post","link":"https:\/\/arquivosfutebolbrasil.com.br\/blog\/2020\/12\/30\/guarany-futebol-clube-bage-rs-temporada-oficial-de-1973\/","title":{"rendered":"Guarany Futebol Clube (Bag\u00e9 \u2013 RS) \u2013 Temporada Oficial de 1973"},"content":{"rendered":"\n<div class=\"wp-block-image\"><figure class=\"aligncenter size-large is-resized\"><img loading=\"lazy\" decoding=\"async\" src=\"https:\/\/arquivosfutebolbrasil.com.br\/blog\/wp-content\/uploads\/2020\/12\/image-123.png\" alt=\"\" class=\"wp-image-16288\" width=\"567\" height=\"411\" srcset=\"https:\/\/arquivosfutebolbrasil.com.br\/blog\/wp-content\/uploads\/2020\/12\/image-123.png 675w, https:\/\/arquivosfutebolbrasil.com.br\/blog\/wp-content\/uploads\/2020\/12\/image-123-300x218.png 300w\" sizes=\"(max-width: 567px) 100vw, 567px\" \/><figcaption>Fonte: Paulinho Borges<\/figcaption><\/figure><\/div>\n\n\n\n<p><strong>Copa Governador do Estado<\/strong><\/p>\n\n\n\n<p>04.02.1973<br>Guarany 1&#215;0 Farroupilha (Pelotas), em Bag\u00e9<br>18.02.1973<br>Guarany 2&#215;0 Rio Grande (Rio Grande), em Bag\u00e9<br>24.02.1973<br>Guarany 0x1 Riograndense (Rio Grande), em Rio Grande<br>03.03.1973<br>Guarany 3&#215;4 S\u00e3o Paulo (Rio Grande), em Rio Grande<br>10.03.1973<br>Guarany 0x0 Farroupilha (Pelotas), em Pelotas<br>17.03.1973<br>Guarany(Bag) 0x0 S\u00e3o Paulo (Rio Grande), em Bag\u00e9<br>01.04.1973<br>Guarany 0x0 Rio Grande (Rio Grande), em Rio Grande<br>08.04.1973<br>Guarany(Bag) 1&#215;0 Riograndense (Rio Grande), em Bag\u00e9<br>06.05.1973<br>Guarany 3&#215;0 Guarany (Garibaldi), em Bag\u00e9<br>13.05.1973<br>Guarany 0x0 Fluminense (Santana do Livramento), em Santana do Livramento<br>27.05.1973<br>Guarany 0x0 Santa Cruz (Santa Cruz do Sul), em Bag\u00e9<br>03.06.1973<br>Guarany 1&#215;2 Ypiranga (Erechim), em Erechim<br>17.06.1973<br>Guarany 0x0 Guarany (Garibaldi), em Garibaldi<br>24.06.1973<br>Guarany 0x1 Fluminense (Santana do Livramento), em Bag\u00e9<br>08.07.1973<br>Guarany 0x2 Santa Cruz (Santa Cruz do Sul), em Santa Cruz do Sul<br>15.07.1973<br>Guarany 0x0 Ypiranga (Erechim), em Bag\u00e9<\/p>\n\n\n\n<p><strong>Copa C\u00edcero Soares<\/strong><\/p>\n\n\n\n<p>26.08.1973<br>Guarany 2&#215;0 Farroupilha (Pelotas), em Bag\u00e9<br>02.09.1973<br>Guarany 0x0 S\u00e3o Paulo (Rio Grande), em Rio Grande<br>09.09.1973<br>Guarany 1&#215;0 Rio Grande (Rio Grande), em Bag\u00e9<br>15.09.1973<br>Guarany 0x1 Riograndense (Rio Grande), em Rio Grande<br>06.10.1973<br>Guarany 0x0 Farroupilha (Pelotas), em Pelotas<br>13.10.1973<br>Guarany 2&#215;2 S\u00e3o Paulo (Rio Grande), em Bag\u00e9<br>21.10.1973<br>Guarany 3&#215;0 Rio Grande (Rio Grande), em Rio Grande<br>28.10.1973<br>Guarany 1&#215;0 Riograndense (Rio Grande), em Bag\u00e9<\/p>\n\n\n\n<p>Fonte: Jos\u00e9 Luis Tavares Maciel<\/p>\n\r\n","protected":false},"excerpt":{"rendered":"<p>Copa Governador do Estado 04.02.1973Guarany 1&#215;0 Farroupilha (Pelotas), em Bag\u00e918.02.1973Guarany 2&#215;0 Rio Grande (Rio Grande), em Bag\u00e924.02.1973Guarany 0x1 Riograndense (Rio Grande), em Rio Grande03.03.1973Guarany 3&#215;4 S\u00e3o Paulo (Rio Grande), em Rio Grande10.03.1973Guarany 0x0 Farroupilha (Pelotas), em Pelotas17.03.1973Guarany(Bag) 0x0 S\u00e3o Paulo (Rio Grande), em Bag\u00e901.04.1973Guarany 0x0 Rio Grande (Rio Grande), em Rio Grande08.04.1973Guarany(Bag) 1&#215;0 Riograndense (Rio [&hellip;]<\/p>\n","protected":false},"author":2,"featured_media":0,"comment_status":"open","ping_status":"open","sticky":false,"template":"","format":"standard","meta":{"footnotes":""},"categories":[48,54,47,32,57],"tags":[],"class_list":["post-16287","post","type-post","status-publish","format-standard","hentry","category-campeonatos-historicos","category-fotos-historicas","category-jogos-historicos","category-rio-grande-do-sul","category-temporadas"],"_links":{"self":[{"href":"https:\/\/arquivosfutebolbrasil.com.br\/blog\/wp-json\/wp\/v2\/posts\/16287"}],"collection":[{"href":"https:\/\/arquivosfutebolbrasil.com.br\/blog\/wp-json\/wp\/v2\/posts"}],"about":[{"href":"https:\/\/arquivosfutebolbrasil.com.br\/blog\/wp-json\/wp\/v2\/types\/post"}],"author":[{"embeddable":true,"href":"https:\/\/arquivosfutebolbrasil.com.br\/blog\/wp-json\/wp\/v2\/users\/2"}],"replies":[{"embeddable":true,"href":"https:\/\/arquivosfutebolbrasil.com.br\/blog\/wp-json\/wp\/v2\/comments?post=16287"}],"version-history":[{"count":1,"href":"https:\/\/arquivosfutebolbrasil.com.br\/blog\/wp-json\/wp\/v2\/posts\/16287\/revisions"}],"predecessor-version":[{"id":16289,"href":"https:\/\/arquivosfutebolbrasil.com.br\/blog\/wp-json\/wp\/v2\/posts\/16287\/revisions\/16289"}],"wp:attachment":[{"href":"https:\/\/arquivosfutebolbrasil.com.br\/blog\/wp-json\/wp\/v2\/media?parent=16287"}],"wp:term":[{"taxonomy":"category","embeddable":true,"href":"https:\/\/arquivosfutebolbrasil.com.br\/blog\/wp-json\/wp\/v2\/categories?post=16287"},{"taxonomy":"post_tag","embeddable":true,"href":"https:\/\/arquivosfutebolbrasil.com.br\/blog\/wp-json\/wp\/v2\/tags?post=16287"}],"curies":[{"name":"wp","href":"https:\/\/api.w.org\/{rel}","templated":true}]}}