{"id":16089,"date":"2020-12-17T19:28:54","date_gmt":"2020-12-17T22:28:54","guid":{"rendered":"https:\/\/arquivosfutebolbrasil.com.br\/blog\/?p=16089"},"modified":"2020-12-17T19:28:56","modified_gmt":"2020-12-17T22:28:56","slug":"foto-historica-classico-portuguesa-sp-x-espanha-sp","status":"publish","type":"post","link":"https:\/\/arquivosfutebolbrasil.com.br\/blog\/2020\/12\/17\/foto-historica-classico-portuguesa-sp-x-espanha-sp\/","title":{"rendered":"Foto Hist\u00f3rica \u2013 Cl\u00e1ssico Portuguesa (SP) x Espanha (SP)"},"content":{"rendered":"\n<div class=\"wp-block-image\"><figure class=\"aligncenter size-large\"><img loading=\"lazy\" decoding=\"async\" width=\"584\" height=\"433\" src=\"https:\/\/arquivosfutebolbrasil.com.br\/blog\/wp-content\/uploads\/2020\/12\/image-70.png\" alt=\"\" class=\"wp-image-16090\" srcset=\"https:\/\/arquivosfutebolbrasil.com.br\/blog\/wp-content\/uploads\/2020\/12\/image-70.png 584w, https:\/\/arquivosfutebolbrasil.com.br\/blog\/wp-content\/uploads\/2020\/12\/image-70-300x222.png 300w\" sizes=\"(max-width: 584px) 100vw, 584px\" \/><\/figure><\/div>\n\n\n\n<p><br>Esta foto de 1941 mostra uma cena do cl\u00e1ssico de Santos (SP), entre a Portuguesa e o Espanha (atual Jabaquara). \u00c9 interessante notar em segundo plano o Monte Serrat, onde encontra-se a capela de mesmo nome com a Santa Padroeira da Cidade e o pr\u00e9dio da Santa Casa de Miseric\u00f3rdia. Nota-se tamb\u00e9m, no Est\u00e1dio Ulrico Mursa as cercas de madeira que delimitavam o espa\u00e7o entre a torcida e o campo de futebol.<\/p>\n\n\n\n<p>Fonte: Jornal A Tribuna de Santos \/ SP<\/p>\n\r\n","protected":false},"excerpt":{"rendered":"<p>Esta foto de 1941 mostra uma cena do cl\u00e1ssico de Santos (SP), entre a Portuguesa e o Espanha (atual Jabaquara). \u00c9 interessante notar em segundo plano o Monte Serrat, onde encontra-se a capela de mesmo nome com a Santa Padroeira da Cidade e o pr\u00e9dio da Santa Casa de Miseric\u00f3rdia. Nota-se tamb\u00e9m, no Est\u00e1dio Ulrico [&hellip;]<\/p>\n","protected":false},"author":2,"featured_media":0,"comment_status":"open","ping_status":"open","sticky":false,"template":"","format":"standard","meta":{"footnotes":""},"categories":[41,54,35],"tags":[],"class_list":["post-16089","post","type-post","status-publish","format-standard","hentry","category-curiosidades","category-fotos-historicas","category-sao-paulo"],"_links":{"self":[{"href":"https:\/\/arquivosfutebolbrasil.com.br\/blog\/wp-json\/wp\/v2\/posts\/16089"}],"collection":[{"href":"https:\/\/arquivosfutebolbrasil.com.br\/blog\/wp-json\/wp\/v2\/posts"}],"about":[{"href":"https:\/\/arquivosfutebolbrasil.com.br\/blog\/wp-json\/wp\/v2\/types\/post"}],"author":[{"embeddable":true,"href":"https:\/\/arquivosfutebolbrasil.com.br\/blog\/wp-json\/wp\/v2\/users\/2"}],"replies":[{"embeddable":true,"href":"https:\/\/arquivosfutebolbrasil.com.br\/blog\/wp-json\/wp\/v2\/comments?post=16089"}],"version-history":[{"count":1,"href":"https:\/\/arquivosfutebolbrasil.com.br\/blog\/wp-json\/wp\/v2\/posts\/16089\/revisions"}],"predecessor-version":[{"id":16091,"href":"https:\/\/arquivosfutebolbrasil.com.br\/blog\/wp-json\/wp\/v2\/posts\/16089\/revisions\/16091"}],"wp:attachment":[{"href":"https:\/\/arquivosfutebolbrasil.com.br\/blog\/wp-json\/wp\/v2\/media?parent=16089"}],"wp:term":[{"taxonomy":"category","embeddable":true,"href":"https:\/\/arquivosfutebolbrasil.com.br\/blog\/wp-json\/wp\/v2\/categories?post=16089"},{"taxonomy":"post_tag","embeddable":true,"href":"https:\/\/arquivosfutebolbrasil.com.br\/blog\/wp-json\/wp\/v2\/tags?post=16089"}],"curies":[{"name":"wp","href":"https:\/\/api.w.org\/{rel}","templated":true}]}}