{"id":15969,"date":"2020-12-09T20:09:14","date_gmt":"2020-12-09T23:09:14","guid":{"rendered":"https:\/\/arquivosfutebolbrasil.com.br\/blog\/?p=15969"},"modified":"2020-12-09T20:09:15","modified_gmt":"2020-12-09T23:09:15","slug":"torneio-inicio-de-porto-alegre-rs-1949","status":"publish","type":"post","link":"https:\/\/arquivosfutebolbrasil.com.br\/blog\/2020\/12\/09\/torneio-inicio-de-porto-alegre-rs-1949\/","title":{"rendered":"Torneio In\u00edcio de Porto Alegre (RS) &#8211; 1949"},"content":{"rendered":"\n<p>Data: 13 de mar\u00e7o de 1949<br>Local: Campo do Cruzeiro, em Porto Alegre &#8211; RS<\/p>\n\n\n\n<p>1\u00ba jogo &#8211; Internacional 0x0 Nacional (1&#215;0 esc)<br>2\u00ba jogo &#8211; Gr\u00eamio 1&#215;1 S\u00e3o Jos\u00e9 (2&#215;0 esc)<br>3\u00ba jogo &#8211; Cruzeiro 3&#215;0 Corinthians<br>4\u00ba jogo &#8211; Internacional 1&#215;1 Renner (2&#215;0 esc)<br>5\u00ba jogo &#8211; Gr\u00eamio 1&#215;0 Cruzeiro<br>Final &#8211; Gr\u00eamio 1&#215;0 Internacional<\/p>\n\n\n\n<p>Campe\u00e3o &#8211; Gr\u00eamio Football Porto Alegre (Porto Alegre &#8211; RS)<\/p>\n\n\n\n<p>Fonte: Arquivos do Autor<\/p>\n\r\n","protected":false},"excerpt":{"rendered":"<p>Data: 13 de mar\u00e7o de 1949Local: Campo do Cruzeiro, em Porto Alegre &#8211; RS 1\u00ba jogo &#8211; Internacional 0x0 Nacional (1&#215;0 esc)2\u00ba jogo &#8211; Gr\u00eamio 1&#215;1 S\u00e3o Jos\u00e9 (2&#215;0 esc)3\u00ba jogo &#8211; Cruzeiro 3&#215;0 Corinthians4\u00ba jogo &#8211; Internacional 1&#215;1 Renner (2&#215;0 esc)5\u00ba jogo &#8211; Gr\u00eamio 1&#215;0 CruzeiroFinal &#8211; Gr\u00eamio 1&#215;0 Internacional Campe\u00e3o &#8211; Gr\u00eamio Football [&hellip;]<\/p>\n","protected":false},"author":2,"featured_media":0,"comment_status":"open","ping_status":"open","sticky":false,"template":"","format":"standard","meta":{"footnotes":""},"categories":[48,32],"tags":[],"class_list":["post-15969","post","type-post","status-publish","format-standard","hentry","category-campeonatos-historicos","category-rio-grande-do-sul"],"_links":{"self":[{"href":"https:\/\/arquivosfutebolbrasil.com.br\/blog\/wp-json\/wp\/v2\/posts\/15969"}],"collection":[{"href":"https:\/\/arquivosfutebolbrasil.com.br\/blog\/wp-json\/wp\/v2\/posts"}],"about":[{"href":"https:\/\/arquivosfutebolbrasil.com.br\/blog\/wp-json\/wp\/v2\/types\/post"}],"author":[{"embeddable":true,"href":"https:\/\/arquivosfutebolbrasil.com.br\/blog\/wp-json\/wp\/v2\/users\/2"}],"replies":[{"embeddable":true,"href":"https:\/\/arquivosfutebolbrasil.com.br\/blog\/wp-json\/wp\/v2\/comments?post=15969"}],"version-history":[{"count":1,"href":"https:\/\/arquivosfutebolbrasil.com.br\/blog\/wp-json\/wp\/v2\/posts\/15969\/revisions"}],"predecessor-version":[{"id":15970,"href":"https:\/\/arquivosfutebolbrasil.com.br\/blog\/wp-json\/wp\/v2\/posts\/15969\/revisions\/15970"}],"wp:attachment":[{"href":"https:\/\/arquivosfutebolbrasil.com.br\/blog\/wp-json\/wp\/v2\/media?parent=15969"}],"wp:term":[{"taxonomy":"category","embeddable":true,"href":"https:\/\/arquivosfutebolbrasil.com.br\/blog\/wp-json\/wp\/v2\/categories?post=15969"},{"taxonomy":"post_tag","embeddable":true,"href":"https:\/\/arquivosfutebolbrasil.com.br\/blog\/wp-json\/wp\/v2\/tags?post=15969"}],"curies":[{"name":"wp","href":"https:\/\/api.w.org\/{rel}","templated":true}]}}