{"id":15937,"date":"2020-12-10T19:33:00","date_gmt":"2020-12-10T22:33:00","guid":{"rendered":"https:\/\/arquivosfutebolbrasil.com.br\/blog\/?p=15937"},"modified":"2020-12-07T19:34:48","modified_gmt":"2020-12-07T22:34:48","slug":"gremio-esportivo-renner-porto-alegre-rs-temporada-oficial-de-1949","status":"publish","type":"post","link":"https:\/\/arquivosfutebolbrasil.com.br\/blog\/2020\/12\/10\/gremio-esportivo-renner-porto-alegre-rs-temporada-oficial-de-1949\/","title":{"rendered":"Gr\u00eamio Esportivo Renner (Porto Alegre \u2013 RS) \u2013 Temporada Oficial de 1949"},"content":{"rendered":"\n<div class=\"wp-block-image\"><figure class=\"aligncenter size-large\"><img loading=\"lazy\" decoding=\"async\" width=\"697\" height=\"421\" src=\"https:\/\/arquivosfutebolbrasil.com.br\/blog\/wp-content\/uploads\/2020\/12\/image-30.png\" alt=\"\" class=\"wp-image-15938\" srcset=\"https:\/\/arquivosfutebolbrasil.com.br\/blog\/wp-content\/uploads\/2020\/12\/image-30.png 697w, https:\/\/arquivosfutebolbrasil.com.br\/blog\/wp-content\/uploads\/2020\/12\/image-30-300x181.png 300w\" sizes=\"(max-width: 697px) 100vw, 697px\" \/><figcaption>Fonte: Renner Vive<\/figcaption><\/figure><\/div>\n\n\n\n<p><strong>Campeonato Citadino de Porto Alegre<\/strong><\/p>\n\n\n\n<p>19.06.1949<br>Renner 1&#215;2 Internacional (Porto Alegre), em Porto Alegre<br>26.06.1949<br>Renner 5&#215;2 S\u00e3o Jos\u00e9 (Porto Alegre), em Porto Alegre<br>24.07.1949<br>Renner 3&#215;2 Cruzeiro (Porto Alegre), em Porto Alegre<br>06.08.1949<br>Renner 0x2 Nacional (Porto Alegre), em Porto Alegre<br>14.08.1949<br>Renner 1&#215;2 Gr\u00eamio (Porto Alegre), em Porto Alegre<br>21.08.1949<br>Renner 2&#215;2 Corinthians (Porto Alegre), em Porto Alegre<br>25.09.1949<br>Renner 0x2 Internacional (Porto Alegre), em Porto Alegre<br>28.09.1949<br>Renner 1&#215;3 S\u00e3o Jos\u00e9 (Porto Alegre), em Porto Alegre<br>05.10.1949<br>Renner 1&#215;1 Cruzeiro (Porto Alegre), em Porto Alegre<br>12.10.1949<br>Renner 3&#215;1 Nacional (Porto Alegre), em Porto Alegre<br>23.10.1949<br>Renner 1&#215;0 Gr\u00eamio (Porto Alegre), em Porto Alegre<br>26.10.1949<br>Renner 1&#215;3 Corinthians (Porto Alegre), em Porto Alegre<\/p>\n\n\n\n<p><strong>Torneio Extra de Porto Alegre<\/strong><\/p>\n\n\n\n<p>19.03.1949<br>Renner 0x2 S\u00e3o Jos\u00e9 (Porto Alegre), em Porto Alegre<br>27.03.1949<br>Renner 4&#215;5 Gr\u00eamio (Porto Alegre), em Porto Alegre<br>30.03.1949<br>Renner 5&#215;0 Cruzeiro (Porto Alegre), em Porto Alegre<br>06.04.1949<br>Renner 3&#215;1 Nacional (Porto Alegre), em Porto Alegre<br>09.04.1949<br>Renner 2&#215;2 Internacional (Porto Alegre), em Porto Alegre<br>07.05.1949<br>Renner 1&#215;2 Corinthians (Porto Alegre), em Porto Alegre<\/p>\n\n\n\n<p>Fonte: Almanaque Amaro Junior<\/p>\n\r\n","protected":false},"excerpt":{"rendered":"<p>Campeonato Citadino de Porto Alegre 19.06.1949Renner 1&#215;2 Internacional (Porto Alegre), em Porto Alegre26.06.1949Renner 5&#215;2 S\u00e3o Jos\u00e9 (Porto Alegre), em Porto Alegre24.07.1949Renner 3&#215;2 Cruzeiro (Porto Alegre), em Porto Alegre06.08.1949Renner 0x2 Nacional (Porto Alegre), em Porto Alegre14.08.1949Renner 1&#215;2 Gr\u00eamio (Porto Alegre), em Porto Alegre21.08.1949Renner 2&#215;2 Corinthians (Porto Alegre), em Porto Alegre25.09.1949Renner 0x2 Internacional (Porto Alegre), em Porto [&hellip;]<\/p>\n","protected":false},"author":2,"featured_media":0,"comment_status":"open","ping_status":"open","sticky":false,"template":"","format":"standard","meta":{"footnotes":""},"categories":[48,54,47,32],"tags":[],"class_list":["post-15937","post","type-post","status-publish","format-standard","hentry","category-campeonatos-historicos","category-fotos-historicas","category-jogos-historicos","category-rio-grande-do-sul"],"_links":{"self":[{"href":"https:\/\/arquivosfutebolbrasil.com.br\/blog\/wp-json\/wp\/v2\/posts\/15937"}],"collection":[{"href":"https:\/\/arquivosfutebolbrasil.com.br\/blog\/wp-json\/wp\/v2\/posts"}],"about":[{"href":"https:\/\/arquivosfutebolbrasil.com.br\/blog\/wp-json\/wp\/v2\/types\/post"}],"author":[{"embeddable":true,"href":"https:\/\/arquivosfutebolbrasil.com.br\/blog\/wp-json\/wp\/v2\/users\/2"}],"replies":[{"embeddable":true,"href":"https:\/\/arquivosfutebolbrasil.com.br\/blog\/wp-json\/wp\/v2\/comments?post=15937"}],"version-history":[{"count":1,"href":"https:\/\/arquivosfutebolbrasil.com.br\/blog\/wp-json\/wp\/v2\/posts\/15937\/revisions"}],"predecessor-version":[{"id":15939,"href":"https:\/\/arquivosfutebolbrasil.com.br\/blog\/wp-json\/wp\/v2\/posts\/15937\/revisions\/15939"}],"wp:attachment":[{"href":"https:\/\/arquivosfutebolbrasil.com.br\/blog\/wp-json\/wp\/v2\/media?parent=15937"}],"wp:term":[{"taxonomy":"category","embeddable":true,"href":"https:\/\/arquivosfutebolbrasil.com.br\/blog\/wp-json\/wp\/v2\/categories?post=15937"},{"taxonomy":"post_tag","embeddable":true,"href":"https:\/\/arquivosfutebolbrasil.com.br\/blog\/wp-json\/wp\/v2\/tags?post=15937"}],"curies":[{"name":"wp","href":"https:\/\/api.w.org\/{rel}","templated":true}]}}