{"id":15911,"date":"2020-12-08T17:52:00","date_gmt":"2020-12-08T20:52:00","guid":{"rendered":"https:\/\/arquivosfutebolbrasil.com.br\/blog\/?p=15911"},"modified":"2020-12-08T19:44:48","modified_gmt":"2020-12-08T22:44:48","slug":"germania-football-club-rio-de-janeiro-rj-temporada-oficial-de-1912","status":"publish","type":"post","link":"https:\/\/arquivosfutebolbrasil.com.br\/blog\/2020\/12\/08\/germania-football-club-rio-de-janeiro-rj-temporada-oficial-de-1912\/","title":{"rendered":"Germ\u00e2nia Football Club (Rio de Janeiro \u2013 RJ) \u2013 Temporada Oficial de 1912"},"content":{"rendered":"\n<div class=\"wp-block-image\"><figure class=\"aligncenter size-large is-resized\"><img loading=\"lazy\" decoding=\"async\" src=\"https:\/\/arquivosfutebolbrasil.com.br\/blog\/wp-content\/uploads\/2020\/12\/image-21.png\" alt=\"\" class=\"wp-image-15912\" width=\"593\" height=\"413\" srcset=\"https:\/\/arquivosfutebolbrasil.com.br\/blog\/wp-content\/uploads\/2020\/12\/image-21.png 796w, https:\/\/arquivosfutebolbrasil.com.br\/blog\/wp-content\/uploads\/2020\/12\/image-21-300x209.png 300w, https:\/\/arquivosfutebolbrasil.com.br\/blog\/wp-content\/uploads\/2020\/12\/image-21-768x535.png 768w\" sizes=\"(max-width: 593px) 100vw, 593px\" \/><\/figure><\/div>\n\n\n\n<p><\/p>\n\n\n\n<p><strong>Campeonato Carioca &#8211; Associa\u00e7\u00e3o de Football do Rio de Janeiro<\/strong><\/p>\n\n\n\n<p>19.05.1912<br>Germ\u00e2nia 3&#215;1 Internacional, na Rua S\u00e3o Clemente<br>07.07.1912<br>Germ\u00e2nia 0x1 Botafogo, na Rua S\u00e3o Clemente<br>14.07.1912<br>Germ\u00e2nia 3&#215;3 Paulistano, no Campo da Praia do Russel<br>28.07.1912<br>Germ\u00e2nia 1&#215;9 Americano, na Estrada Dona Castorina<br>11.08.1912<br>Germ\u00e2nia 1&#215;2 Cattete, na Rua S\u00e3o Clemente<br>16.06.1912<br>Germ\u00e2nia 0x6 Petropolitano, em Petr\u00f3polis<br>01.09.1912<br>Germ\u00e2nia 2&#215;1 Internacional, na Rua Prefeito Serzedello Corr\u00eaa<br>29.09.1912<br>Germ\u00e2nia 0x10 Botafogo, na Rua S\u00e3o Clemente<br>06.10.1912<br>Germ\u00e2nia 1&#215;2 Americano, na Estrada Dona Castorina<br>13.10.1912<br>Germ\u00e2nia 1&#215;4 Paulistano, na Estrada Dona Castorina<br>27.10.1912<br>Germ\u00e2nia W0x0 Cattete, na Rua S\u00e3o Clemente (O Cattete n\u00e3o compareceu)<\/p>\n\n\n\n<p>Fonte: Pedro Varanda e Arquivos do Autor<\/p>\n\r\n","protected":false},"excerpt":{"rendered":"<p>Campeonato Carioca &#8211; Associa\u00e7\u00e3o de Football do Rio de Janeiro 19.05.1912Germ\u00e2nia 3&#215;1 Internacional, na Rua S\u00e3o Clemente07.07.1912Germ\u00e2nia 0x1 Botafogo, na Rua S\u00e3o Clemente14.07.1912Germ\u00e2nia 3&#215;3 Paulistano, no Campo da Praia do Russel28.07.1912Germ\u00e2nia 1&#215;9 Americano, na Estrada Dona Castorina11.08.1912Germ\u00e2nia 1&#215;2 Cattete, na Rua S\u00e3o Clemente16.06.1912Germ\u00e2nia 0x6 Petropolitano, em Petr\u00f3polis01.09.1912Germ\u00e2nia 2&#215;1 Internacional, na Rua Prefeito Serzedello Corr\u00eaa29.09.1912Germ\u00e2nia 0x10 [&hellip;]<\/p>\n","protected":false},"author":2,"featured_media":0,"comment_status":"open","ping_status":"open","sticky":false,"template":"","format":"standard","meta":{"footnotes":""},"categories":[48,54,47,29],"tags":[],"class_list":["post-15911","post","type-post","status-publish","format-standard","hentry","category-campeonatos-historicos","category-fotos-historicas","category-jogos-historicos","category-rio-de-janeiro"],"_links":{"self":[{"href":"https:\/\/arquivosfutebolbrasil.com.br\/blog\/wp-json\/wp\/v2\/posts\/15911"}],"collection":[{"href":"https:\/\/arquivosfutebolbrasil.com.br\/blog\/wp-json\/wp\/v2\/posts"}],"about":[{"href":"https:\/\/arquivosfutebolbrasil.com.br\/blog\/wp-json\/wp\/v2\/types\/post"}],"author":[{"embeddable":true,"href":"https:\/\/arquivosfutebolbrasil.com.br\/blog\/wp-json\/wp\/v2\/users\/2"}],"replies":[{"embeddable":true,"href":"https:\/\/arquivosfutebolbrasil.com.br\/blog\/wp-json\/wp\/v2\/comments?post=15911"}],"version-history":[{"count":2,"href":"https:\/\/arquivosfutebolbrasil.com.br\/blog\/wp-json\/wp\/v2\/posts\/15911\/revisions"}],"predecessor-version":[{"id":15944,"href":"https:\/\/arquivosfutebolbrasil.com.br\/blog\/wp-json\/wp\/v2\/posts\/15911\/revisions\/15944"}],"wp:attachment":[{"href":"https:\/\/arquivosfutebolbrasil.com.br\/blog\/wp-json\/wp\/v2\/media?parent=15911"}],"wp:term":[{"taxonomy":"category","embeddable":true,"href":"https:\/\/arquivosfutebolbrasil.com.br\/blog\/wp-json\/wp\/v2\/categories?post=15911"},{"taxonomy":"post_tag","embeddable":true,"href":"https:\/\/arquivosfutebolbrasil.com.br\/blog\/wp-json\/wp\/v2\/tags?post=15911"}],"curies":[{"name":"wp","href":"https:\/\/api.w.org\/{rel}","templated":true}]}}