{"id":15814,"date":"2020-11-28T16:28:42","date_gmt":"2020-11-28T19:28:42","guid":{"rendered":"https:\/\/arquivosfutebolbrasil.com.br\/blog\/?p=15814"},"modified":"2020-11-28T16:28:43","modified_gmt":"2020-11-28T19:28:43","slug":"foto-historica-bangu-atletico-clube-rio-de-janeiro-rj-1958","status":"publish","type":"post","link":"https:\/\/arquivosfutebolbrasil.com.br\/blog\/2020\/11\/28\/foto-historica-bangu-atletico-clube-rio-de-janeiro-rj-1958\/","title":{"rendered":"Foto Hist\u00f3rica &#8211; Bangu Atl\u00e9tico Clube (Rio de Janeiro &#8211; RJ) &#8211; 1958"},"content":{"rendered":"\n<figure class=\"wp-block-image size-large is-resized\"><img loading=\"lazy\" decoding=\"async\" src=\"https:\/\/arquivosfutebolbrasil.com.br\/blog\/wp-content\/uploads\/2020\/11\/image-52.png\" alt=\"\" class=\"wp-image-15815\" width=\"631\" height=\"483\" srcset=\"https:\/\/arquivosfutebolbrasil.com.br\/blog\/wp-content\/uploads\/2020\/11\/image-52.png 633w, https:\/\/arquivosfutebolbrasil.com.br\/blog\/wp-content\/uploads\/2020\/11\/image-52-300x230.png 300w\" sizes=\"(max-width: 631px) 100vw, 631px\" \/><figcaption>Fonte: Di\u00e1rio da Noite<\/figcaption><\/figure>\n\n\n\n<p>A curiosidade desta foto \u00e9 que esta foi a primeira e \u00fanica vez que o clube quebrou sua tradi\u00e7\u00e3o e jogou de cal\u00e7\u00f5es pretos. Isto ocorreu na partida realizada pelo Campeonato Carioca em 27 de julho de 1958 contra o Madureira<\/p>\n\r\n","protected":false},"excerpt":{"rendered":"<p>A curiosidade desta foto \u00e9 que esta foi a primeira e \u00fanica vez que o clube quebrou sua tradi\u00e7\u00e3o e jogou de cal\u00e7\u00f5es pretos. Isto ocorreu na partida realizada pelo Campeonato Carioca em 27 de julho de 1958 contra o Madureira<\/p>\n","protected":false},"author":2,"featured_media":0,"comment_status":"open","ping_status":"open","sticky":false,"template":"","format":"standard","meta":{"footnotes":""},"categories":[41,54,29],"tags":[],"class_list":["post-15814","post","type-post","status-publish","format-standard","hentry","category-curiosidades","category-fotos-historicas","category-rio-de-janeiro"],"_links":{"self":[{"href":"https:\/\/arquivosfutebolbrasil.com.br\/blog\/wp-json\/wp\/v2\/posts\/15814"}],"collection":[{"href":"https:\/\/arquivosfutebolbrasil.com.br\/blog\/wp-json\/wp\/v2\/posts"}],"about":[{"href":"https:\/\/arquivosfutebolbrasil.com.br\/blog\/wp-json\/wp\/v2\/types\/post"}],"author":[{"embeddable":true,"href":"https:\/\/arquivosfutebolbrasil.com.br\/blog\/wp-json\/wp\/v2\/users\/2"}],"replies":[{"embeddable":true,"href":"https:\/\/arquivosfutebolbrasil.com.br\/blog\/wp-json\/wp\/v2\/comments?post=15814"}],"version-history":[{"count":1,"href":"https:\/\/arquivosfutebolbrasil.com.br\/blog\/wp-json\/wp\/v2\/posts\/15814\/revisions"}],"predecessor-version":[{"id":15816,"href":"https:\/\/arquivosfutebolbrasil.com.br\/blog\/wp-json\/wp\/v2\/posts\/15814\/revisions\/15816"}],"wp:attachment":[{"href":"https:\/\/arquivosfutebolbrasil.com.br\/blog\/wp-json\/wp\/v2\/media?parent=15814"}],"wp:term":[{"taxonomy":"category","embeddable":true,"href":"https:\/\/arquivosfutebolbrasil.com.br\/blog\/wp-json\/wp\/v2\/categories?post=15814"},{"taxonomy":"post_tag","embeddable":true,"href":"https:\/\/arquivosfutebolbrasil.com.br\/blog\/wp-json\/wp\/v2\/tags?post=15814"}],"curies":[{"name":"wp","href":"https:\/\/api.w.org\/{rel}","templated":true}]}}