{"id":15725,"date":"2020-11-08T16:27:45","date_gmt":"2020-11-08T19:27:45","guid":{"rendered":"https:\/\/arquivosfutebolbrasil.com.br\/blog\/?p=15725"},"modified":"2020-11-08T16:27:47","modified_gmt":"2020-11-08T19:27:47","slug":"sport-club-sao-paulo-rio-grande-rs-temporada-oficial-de-1991","status":"publish","type":"post","link":"https:\/\/arquivosfutebolbrasil.com.br\/blog\/2020\/11\/08\/sport-club-sao-paulo-rio-grande-rs-temporada-oficial-de-1991\/","title":{"rendered":"Sport Club S\u00e3o Paulo (Rio Grande &#8211; RS) &#8211; Temporada Oficial de 1991"},"content":{"rendered":"\n<div class=\"wp-block-image\"><figure class=\"aligncenter size-large\"><img loading=\"lazy\" decoding=\"async\" width=\"585\" height=\"389\" src=\"https:\/\/arquivosfutebolbrasil.com.br\/blog\/wp-content\/uploads\/2020\/11\/image-32.png\" alt=\"\" class=\"wp-image-15726\" srcset=\"https:\/\/arquivosfutebolbrasil.com.br\/blog\/wp-content\/uploads\/2020\/11\/image-32.png 585w, https:\/\/arquivosfutebolbrasil.com.br\/blog\/wp-content\/uploads\/2020\/11\/image-32-300x199.png 300w\" sizes=\"(max-width: 585px) 100vw, 585px\" \/><figcaption>Fonte: Lembran\u00e7as do Futebol do Interior<\/figcaption><\/figure><\/div>\n\n\n\n<p><strong>Campeonato Ga\u00facho &#8211; Divis\u00e3o Especial<\/strong><\/p>\n\n\n\n<p>18.08.1991<br>S\u00e3o Paulo 1&#215;2 Novo Hamburgo (Novo Hamburgo), em Rio Grande<br>21.08.1991<br>S\u00e3o Paulo 1&#215;2 Guarani (Ven\u00e2ncio Aires), em Ven\u00e2ncio Aires<br>25.08.1991<br>S\u00e3o Paulo 2&#215;3 Lajeadense (Lajeado), em Rio Grande<br>28.08.1991<br>S\u00e3o Paulo 0x3 Gr\u00eamio (Porto Alegre), em Porto Alegre<br>01.09.1991<br>S\u00e3o Paulo 0x0 Gl\u00f3ria (Vacaria), em Rio Grande<br>08.09.1991<br>S\u00e3o Paulo 0x1 Tagu\u00e1 (Get\u00falio Vargas), em Get\u00falio Vargas<br>11.09.1991<br>S\u00e3o Paulo 1&#215;0 Guarany (Cruz Alta), em Rio Grande<br>14.09.1991<br>S\u00e3o Paulo 1&#215;1 Brasil (Pelotas), em Pelotas<br>18.09.1991<br>S\u00e3o Paulo 3&#215;2 Passo Fundo (Passo Fundo), em Rio Grande<br>22.09.1991<br>S\u00e3o Paulo 0x2 Juventude (Caxias do Sul), em Caxias do Sul<br>29.09.1991<br>S\u00e3o Paulo 1&#215;2 Internacional (Porto Alegre), em Rio Grande<br>02.10.1991<br>S\u00e3o Paulo 0x3 D\u00ednamo (Santa Rosa), em Santa Rosa<br>07.10.1991<br>S\u00e3o Paulo 2&#215;2 Aimor\u00e9 (S\u00e3o Leopoldo), em Rio Grande<br>09.10.1991<br>S\u00e3o Paulo 1&#215;0 Santa Cruz (Santa Cruz do Sul), em Santa Cruz do Sul<br>12.10.1991<br>S\u00e3o Paulo 0x1 Pelotas (Pelotas), em Pelotas<br>19.10.1991<br>S\u00e3o Paulo 0x1 S\u00e3o Luiz (Iju\u00ed), em Iju\u00ed<br>23.10.1991<br>S\u00e3o Paulo 1&#215;1 Caxias (Caxias do Sul), em Rio Grande<br>27.10.1991<br>S\u00e3o Paulo 0x5 Ypiranga (Erechim), em Erechim<br>03.11.1991<br>S\u00e3o Paulo 0x0 Esportivo (Bento Gon\u00e7alves), em Rio Grande<\/p>\n\n\n\n<p><strong>Copa Cidade de Porto Alegre<\/strong><\/p>\n\n\n\n<p>10.03.1991<br>S\u00e3o Paulo 3&#215;0 Rio Grande (Rio Grande), em Rio Grande<br>17.03.1991<br>S\u00e3o Paulo 1&#215;1 Santanense (Santana do Livramento), em Santana do Livramento<br>24.03.1991<br>S\u00e3o Paulo 2&#215;2 Brasil (Pelotas), em Pelotas<br>31.03.1991<br>S\u00e3o Paulo 2&#215;0 Guarany (Bag\u00e9), em Rio Grande<br>07.04.1991<br>S\u00e3o Paulo 4&#215;0 Riograndense (Rio Grande), em Rio Grande<br>10.04.1991<br>S\u00e3o Paulo 1&#215;0 14 de Julho (Santana do Livramento), em Rio Grande<br>14.04.1991<br>S\u00e3o Paulo 0x0 Farroupilha (Pelotas), em Pelotas<br>20.04.1991<br>S\u00e3o Paulo 1&#215;0 Bag\u00e9 (Bag\u00e9), em Rio Grande<br>01.05.1991<br>S\u00e3o Paulo 1&#215;0 Rio Grande (Rio Grande), em Rio Grande<br>05.05.1991<br>S\u00e3o Paulo 0x1 Santanense (Santana do Livramento), em Rio Grande<br>12.05.1991<br>S\u00e3o Paulo 1&#215;1 Brasil (Pelotas), em Rio Grande<br>19.05.1991<br>S\u00e3o Paulo 1&#215;1 Guarany (Bag\u00e9), em Bag\u00e9<br>26.05.1991<br>S\u00e3o Paulo 1&#215;1 Riograndense (Rio Grande), em Rio Grande<br>02.06.1991<br>S\u00e3o Paulo 1&#215;1 14 de Julho (Santana do Livramento), em Santana do Livramento<br>08.06.1991<br>S\u00e3o Paulo 1&#215;0 Farroupilha (Pelotas), em Rio Grande<br>16.06.1991<br>S\u00e3o Paulo 1&#215;0 Bag\u00e9 (Bag\u00e9), em Bag\u00e9<br>30.06.1991<br>S\u00e3o Paulo 0x0 Novo Hamburgo (Novo Hamburgo), em Rio Grande<br>07.07.1991<br>S\u00e3o Paulo 0x0 Novo Hamburgo (Novo Hamburgo), em Novo Hamburgo<\/p>\n\n\n\n<p>Fonte: Arquivos do Autor<\/p>\n\r\n","protected":false},"excerpt":{"rendered":"<p>Campeonato Ga\u00facho &#8211; Divis\u00e3o Especial 18.08.1991S\u00e3o Paulo 1&#215;2 Novo Hamburgo (Novo Hamburgo), em Rio Grande21.08.1991S\u00e3o Paulo 1&#215;2 Guarani (Ven\u00e2ncio Aires), em Ven\u00e2ncio Aires25.08.1991S\u00e3o Paulo 2&#215;3 Lajeadense (Lajeado), em Rio Grande28.08.1991S\u00e3o Paulo 0x3 Gr\u00eamio (Porto Alegre), em Porto Alegre01.09.1991S\u00e3o Paulo 0x0 Gl\u00f3ria (Vacaria), em Rio Grande08.09.1991S\u00e3o Paulo 0x1 Tagu\u00e1 (Get\u00falio Vargas), em Get\u00falio Vargas11.09.1991S\u00e3o Paulo 1&#215;0 [&hellip;]<\/p>\n","protected":false},"author":2,"featured_media":0,"comment_status":"open","ping_status":"open","sticky":false,"template":"","format":"standard","meta":{"footnotes":""},"categories":[48,54,47,32,57],"tags":[],"class_list":["post-15725","post","type-post","status-publish","format-standard","hentry","category-campeonatos-historicos","category-fotos-historicas","category-jogos-historicos","category-rio-grande-do-sul","category-temporadas"],"_links":{"self":[{"href":"https:\/\/arquivosfutebolbrasil.com.br\/blog\/wp-json\/wp\/v2\/posts\/15725"}],"collection":[{"href":"https:\/\/arquivosfutebolbrasil.com.br\/blog\/wp-json\/wp\/v2\/posts"}],"about":[{"href":"https:\/\/arquivosfutebolbrasil.com.br\/blog\/wp-json\/wp\/v2\/types\/post"}],"author":[{"embeddable":true,"href":"https:\/\/arquivosfutebolbrasil.com.br\/blog\/wp-json\/wp\/v2\/users\/2"}],"replies":[{"embeddable":true,"href":"https:\/\/arquivosfutebolbrasil.com.br\/blog\/wp-json\/wp\/v2\/comments?post=15725"}],"version-history":[{"count":1,"href":"https:\/\/arquivosfutebolbrasil.com.br\/blog\/wp-json\/wp\/v2\/posts\/15725\/revisions"}],"predecessor-version":[{"id":15727,"href":"https:\/\/arquivosfutebolbrasil.com.br\/blog\/wp-json\/wp\/v2\/posts\/15725\/revisions\/15727"}],"wp:attachment":[{"href":"https:\/\/arquivosfutebolbrasil.com.br\/blog\/wp-json\/wp\/v2\/media?parent=15725"}],"wp:term":[{"taxonomy":"category","embeddable":true,"href":"https:\/\/arquivosfutebolbrasil.com.br\/blog\/wp-json\/wp\/v2\/categories?post=15725"},{"taxonomy":"post_tag","embeddable":true,"href":"https:\/\/arquivosfutebolbrasil.com.br\/blog\/wp-json\/wp\/v2\/tags?post=15725"}],"curies":[{"name":"wp","href":"https:\/\/api.w.org\/{rel}","templated":true}]}}