{"id":15644,"date":"2020-11-04T06:14:44","date_gmt":"2020-11-04T09:14:44","guid":{"rendered":"https:\/\/arquivosfutebolbrasil.com.br\/blog\/?p=15644"},"modified":"2020-11-04T06:14:45","modified_gmt":"2020-11-04T09:14:45","slug":"campeonato-paraense-1966","status":"publish","type":"post","link":"https:\/\/arquivosfutebolbrasil.com.br\/blog\/2020\/11\/04\/campeonato-paraense-1966\/","title":{"rendered":"Campeonato Paraense \u2013 1966"},"content":{"rendered":"\n<div class=\"wp-block-image\"><figure class=\"aligncenter size-large\"><img loading=\"lazy\" decoding=\"async\" width=\"498\" height=\"280\" src=\"https:\/\/arquivosfutebolbrasil.com.br\/blog\/wp-content\/uploads\/2020\/11\/image-12.png\" alt=\"\" class=\"wp-image-15645\" srcset=\"https:\/\/arquivosfutebolbrasil.com.br\/blog\/wp-content\/uploads\/2020\/11\/image-12.png 498w, https:\/\/arquivosfutebolbrasil.com.br\/blog\/wp-content\/uploads\/2020\/11\/image-12-300x169.png 300w\" sizes=\"(max-width: 498px) 100vw, 498px\" \/><\/figure><\/div>\n\n\n\n<p><strong>Equipes Participantes:<\/strong><\/p>\n\n\n\n<p>Atl\u00e9tico Liberato de Castro (Bel\u00e9m)<br>Beneficente Avante Futebol Clube (Salvaterra)<br>Clube do Remo (Bel\u00e9m)<br>Clube J\u00falio C\u00e9sar (Bel\u00e9m)<br>Gr\u00eamio Desportivo Combatentes (Bel\u00e9m)<br>Paysandu Sport Club (Bel\u00e9m)<br>Tuna Luso Brasileira (Bel\u00e9m)<\/p>\n\n\n\n<p><strong>1\u00ba Turno<\/strong><\/p>\n\n\n\n<p>02.06.1966<br>Remo 3&#215;0 Liberato de Castro<br>04.06.1966<br>Combatentes 2&#215;1 Avante<br>05.06.1966<br>Tuna Luso 1&#215;0 J\u00falio C\u00e9sar<br>08.06.1966<br>Paysandu 3&#215;0 Avante<br>11.06.1966<br>Combatentes 1&#215;1 J\u00falio C\u00e9sar<br>12.06.1966<br>Remo 3&#215;2 Tuna Luso<br>15.06.1966<br>Remo 1&#215;0 J\u00falio C\u00e9sar<br>18.06.1966<br>Avante 3&#215;0 Liberato de Castro<br>19.06.1966<br>Paysandu 2&#215;1 Combatentes<br>22.06.1966<br>Tuna Luso 4&#215;0 Combatentes<br>25.06.1966<br>J\u00falio C\u00e9sar 2&#215;1 Avante<br>26.06.1966<br>Paysandu 5&#215;0 Liberato de Castro<br>29.06.1966<br>Remo 4&#215;1 Avante<br>02.07.1966<br>Combatentes 3&#215;0 Liberato de Castro<br>03.07.1966<br>Paysandu 2&#215;0 Tuna Luso<br>06.07.1966<br>Paysandu 2&#215;0 J\u00falio C\u00e9sar<br>11.07.1966<br>Remo 1&#215;0 Combatentes<br>11.07.1966<br>Tuna Luso 8&#215;2 Liberato de Castro<br>16.07.1966<br>Tuna Luso W0x0 Avante<br>17.07.1966<br>J\u00falio C\u00e9sar 0x0 Liberato de Castro<br>24.07.1966<br>Remo 1&#215;1 Paysandu<\/p>\n\n\n\n<pre class=\"wp-block-code\"><code>    J   V   E   D   GP  GC  PG<\/code><\/pre>\n\n\n\n<p>01\u00ba Paysandu 06 05 01 00 15 02 11<br>02\u00ba Remo 06 05 01 00 13 04 11<br>03\u00ba Tuna Luso 06 04 00 02 15 07 08<br>04\u00ba Combatentes 06 02 01 03 07 09 05<br>05\u00ba J\u00falio C\u00e9sar 06 01 02 03 03 06 04<br>06\u00ba Avante 06 01 00 05 06 11 02<br>07\u00ba Liberato de Castro 06 00 01 05 02 22 01<\/p>\n\n\n\n<p><strong>2\u00ba Turno<\/strong><\/p>\n\n\n\n<p>27.07.1966<br>Remo 3&#215;1<br>Liberato de Castro<br>31.07.1966<br>Combatentes 1&#215;1 Avante<br>31.07.1966<br>Tuna Luso 3&#215;0 J\u00falio C\u00e9sar<br>03.08.1966<br>Paysandu 5&#215;0 Avante<br>06.08.1966<br>J\u00falio C\u00e9sar 1&#215;0 Combatentes<br>10.08.1966<br>Remo 3&#215;0 J\u00falio C\u00e9sar<br>13.08.1966<br>Avante 2&#215;0 Liberato de Castro<br>14.08.1966<br>Tuna Luso 4&#215;0 Combatentes<br>20.08.1966<br>Avante 2&#215;1 J\u00falio C\u00e9sar<br>24.08.1966<br>Paysandu 4&#215;0 Liberato de Castro<br>27.08.1966<br>Remo 3&#215;0 Avante<br>28.08.1966<br>Paysandu 1&#215;1 J\u00falio C\u00e9sar<br>01.09.1966<br>Remo 4&#215;1 Combatentes<br>04.09.1966<br>Combatentes 4&#215;0 Liberato de Castro<br>07.09.1966<br>Tuna Luso 1&#215;1 Liberato de Castro<br>10.09.1966<br>J\u00falio C\u00e9sar 2&#215;0 Liberato de Castro<br>11.09.1966<br>Remo 2&#215;2 Tuna Luso<br>17.09.1966<br>Paysandu 5&#215;1 Combatentes<br>17.09.1966<br>Tuna Luso 6&#215;1 Avante<br>25.09.1966<br>Paysandu 1&#215;1 Tuna Luso<br>02.10.1966<br>Paysandu 2&#215;1 Remo<\/p>\n\n\n\n<pre class=\"wp-block-code\"><code>    J   V   E   D   GP  GC  PG<\/code><\/pre>\n\n\n\n<p>01\u00ba Paysandu 06 04 02 00 18 04 10<br>02\u00ba Remo 06 04 01 01 13 05 09<br>03\u00ba Tuna Luso 06 03 03 00 17 05 09<br>04\u00ba J\u00falio C\u00e9sar 06 02 01 03 05 09 05<br>05\u00ba Avante 06 02 01 03 06 16 05<br>06\u00ba Combatentes 06 01 01 04 07 15 03<br>07\u00ba Liberato de Castro 06 00 01 05 02 16 01<\/p>\n\n\n\n<p><strong>3\u00ba Turno<\/strong><\/p>\n\n\n\n<p>12.10.1966<br>Remo 3&#215;0 Liberato de Castro<br>15.10.1966<br>Combatentes 4&#215;1 Avante<br>16.10.1966<br>J\u00falio C\u00e9sar 2&#215;0 Tuna Luso<br>22.10.1966<br>J\u00falio C\u00e9sar 1&#215;0 Combatentes<br>23.10.1966<br>Paysandu 1&#215;0 Tuna Luso<br>29.10.1966<br>Avante 3&#215;2 Liberato de Castro<br>30.10.1966<br>Paysandu 2&#215;0 Combatentes<br>03.11.1966<br>Remo 2&#215;0 J\u00falio C\u00e9sar<br>05.11.1966<br>Tuna Luso 4&#215;0 Combatentes<br>06.11.1966<br>Paysandu 1&#215;0 Liberato de Castro<br>09.11.1966<br>Remo 1&#215;0 Avante<br>12.11.1966<br>Combatentes 3&#215;1 Liberato de Castro<br>13.11.1966<br>Remo 3&#215;2 Tuna Luso<br>16.11.1966<br>Remo 1&#215;0 Combatentes<br>19.11.1966<br>Tuna Luso W0x0 Liberato de Castro<br>20.11.1966<br>Paysandu 1&#215;0 J\u00falio C\u00e9sar<br>23.11.1966<br>Tuna Luso 5&#215;2 Avante<br>26.11.1966<br>J\u00falio C\u00e9sar 3&#215;2 Liberato de Castro<br>27.11.1966<br>Paysandu 2&#215;0 Avante<br>03.12.1966<br>J\u00falio C\u00e9sar 1&#215;0 Avante<br>04.12.1966<br>Paysandu 3&#215;1 Remo<\/p>\n\n\n\n<pre class=\"wp-block-code\"><code>    J   V   E   D   GP  GC  PG<\/code><\/pre>\n\n\n\n<p>01\u00ba Paysandu 06 06 00 00 10 01 12<br>02\u00ba Remo 06 05 00 01 11 05 10<br>03\u00ba J\u00falio C\u00e9sar 06 04 00 02 07 05 08<br>04\u00ba Tuna Luso 06 03 00 03 11 08 06<br>05\u00ba Combatentes 06 02 00 04 07 10 04<br>06\u00ba Avante 06 01 00 05 06 15 02<br>07\u00ba Liberato de Castro 06 00 00 06 05 13 00<\/p>\n\n\n\n<p>Campe\u00e3o &#8211; Paysandu Sport Club (Bel\u00e9m &#8211; PA)<\/p>\n\n\n\n<p>Fonte: Felipe Feitosa<\/p>\n\r\n","protected":false},"excerpt":{"rendered":"<p>Equipes Participantes: Atl\u00e9tico Liberato de Castro (Bel\u00e9m)Beneficente Avante Futebol Clube (Salvaterra)Clube do Remo (Bel\u00e9m)Clube J\u00falio C\u00e9sar (Bel\u00e9m)Gr\u00eamio Desportivo Combatentes (Bel\u00e9m)Paysandu Sport Club (Bel\u00e9m)Tuna Luso Brasileira (Bel\u00e9m) 1\u00ba Turno 02.06.1966Remo 3&#215;0 Liberato de Castro04.06.1966Combatentes 2&#215;1 Avante05.06.1966Tuna Luso 1&#215;0 J\u00falio C\u00e9sar08.06.1966Paysandu 3&#215;0 Avante11.06.1966Combatentes 1&#215;1 J\u00falio C\u00e9sar12.06.1966Remo 3&#215;2 Tuna Luso15.06.1966Remo 1&#215;0 J\u00falio C\u00e9sar18.06.1966Avante 3&#215;0 Liberato de Castro19.06.1966Paysandu 2&#215;1 [&hellip;]<\/p>\n","protected":false},"author":2,"featured_media":0,"comment_status":"open","ping_status":"open","sticky":false,"template":"","format":"standard","meta":{"footnotes":""},"categories":[48,24],"tags":[],"class_list":["post-15644","post","type-post","status-publish","format-standard","hentry","category-campeonatos-historicos","category-para"],"_links":{"self":[{"href":"https:\/\/arquivosfutebolbrasil.com.br\/blog\/wp-json\/wp\/v2\/posts\/15644"}],"collection":[{"href":"https:\/\/arquivosfutebolbrasil.com.br\/blog\/wp-json\/wp\/v2\/posts"}],"about":[{"href":"https:\/\/arquivosfutebolbrasil.com.br\/blog\/wp-json\/wp\/v2\/types\/post"}],"author":[{"embeddable":true,"href":"https:\/\/arquivosfutebolbrasil.com.br\/blog\/wp-json\/wp\/v2\/users\/2"}],"replies":[{"embeddable":true,"href":"https:\/\/arquivosfutebolbrasil.com.br\/blog\/wp-json\/wp\/v2\/comments?post=15644"}],"version-history":[{"count":1,"href":"https:\/\/arquivosfutebolbrasil.com.br\/blog\/wp-json\/wp\/v2\/posts\/15644\/revisions"}],"predecessor-version":[{"id":15646,"href":"https:\/\/arquivosfutebolbrasil.com.br\/blog\/wp-json\/wp\/v2\/posts\/15644\/revisions\/15646"}],"wp:attachment":[{"href":"https:\/\/arquivosfutebolbrasil.com.br\/blog\/wp-json\/wp\/v2\/media?parent=15644"}],"wp:term":[{"taxonomy":"category","embeddable":true,"href":"https:\/\/arquivosfutebolbrasil.com.br\/blog\/wp-json\/wp\/v2\/categories?post=15644"},{"taxonomy":"post_tag","embeddable":true,"href":"https:\/\/arquivosfutebolbrasil.com.br\/blog\/wp-json\/wp\/v2\/tags?post=15644"}],"curies":[{"name":"wp","href":"https:\/\/api.w.org\/{rel}","templated":true}]}}