{"id":15642,"date":"2020-11-04T06:04:18","date_gmt":"2020-11-04T09:04:18","guid":{"rendered":"https:\/\/arquivosfutebolbrasil.com.br\/blog\/?p=15642"},"modified":"2020-11-04T06:04:20","modified_gmt":"2020-11-04T09:04:20","slug":"torneio-inicio-de-santos-sp-divisao-juvenil-1963","status":"publish","type":"post","link":"https:\/\/arquivosfutebolbrasil.com.br\/blog\/2020\/11\/04\/torneio-inicio-de-santos-sp-divisao-juvenil-1963\/","title":{"rendered":"Torneio In\u00edcio de Santos (SP) \u2013 Divis\u00e3o Juvenil \u2013 1963"},"content":{"rendered":"\n<p>Data: 04 de Maio de 1963<br>Local: Est\u00e1dio Urbano Caldeira, em Santos &#8211; SP<\/p>\n\n\n\n<p>1\u00ba Jogo &#8211; Portuguesa 2&#215;0 Santa Isabel<br>2\u00ba Jogo &#8211; Gr\u00eamio O Apito W0x0 Vicente de Carvalho<br>3\u00ba Jogo &#8211; L\u00edder 1&#215;0 Santista<br>4\u00ba Jogo &#8211; Santos Fc 2&#215;1 Portuguesa<br>5\u00ba Jogo &#8211; L\u00edder 2&#215;1 Gr\u00eamio O Apito<br>Final &#8211; Santos 7&#215;0 L\u00edder<\/p>\n\n\n\n<p>Campe\u00e3o &#8211; Santos Futebol Clube (Santos &#8211; SP)<\/p>\n\n\n\n<p>Fonte: Arquivos do Autor<\/p>\n\r\n","protected":false},"excerpt":{"rendered":"<p>Data: 04 de Maio de 1963Local: Est\u00e1dio Urbano Caldeira, em Santos &#8211; SP 1\u00ba Jogo &#8211; Portuguesa 2&#215;0 Santa Isabel2\u00ba Jogo &#8211; Gr\u00eamio O Apito W0x0 Vicente de Carvalho3\u00ba Jogo &#8211; L\u00edder 1&#215;0 Santista4\u00ba Jogo &#8211; Santos Fc 2&#215;1 Portuguesa5\u00ba Jogo &#8211; L\u00edder 2&#215;1 Gr\u00eamio O ApitoFinal &#8211; Santos 7&#215;0 L\u00edder Campe\u00e3o &#8211; Santos Futebol [&hellip;]<\/p>\n","protected":false},"author":2,"featured_media":0,"comment_status":"open","ping_status":"open","sticky":false,"template":"","format":"standard","meta":{"footnotes":""},"categories":[48,56,35],"tags":[],"class_list":["post-15642","post","type-post","status-publish","format-standard","hentry","category-campeonatos-historicos","category-futebol-categorias-de-base","category-sao-paulo"],"_links":{"self":[{"href":"https:\/\/arquivosfutebolbrasil.com.br\/blog\/wp-json\/wp\/v2\/posts\/15642"}],"collection":[{"href":"https:\/\/arquivosfutebolbrasil.com.br\/blog\/wp-json\/wp\/v2\/posts"}],"about":[{"href":"https:\/\/arquivosfutebolbrasil.com.br\/blog\/wp-json\/wp\/v2\/types\/post"}],"author":[{"embeddable":true,"href":"https:\/\/arquivosfutebolbrasil.com.br\/blog\/wp-json\/wp\/v2\/users\/2"}],"replies":[{"embeddable":true,"href":"https:\/\/arquivosfutebolbrasil.com.br\/blog\/wp-json\/wp\/v2\/comments?post=15642"}],"version-history":[{"count":1,"href":"https:\/\/arquivosfutebolbrasil.com.br\/blog\/wp-json\/wp\/v2\/posts\/15642\/revisions"}],"predecessor-version":[{"id":15643,"href":"https:\/\/arquivosfutebolbrasil.com.br\/blog\/wp-json\/wp\/v2\/posts\/15642\/revisions\/15643"}],"wp:attachment":[{"href":"https:\/\/arquivosfutebolbrasil.com.br\/blog\/wp-json\/wp\/v2\/media?parent=15642"}],"wp:term":[{"taxonomy":"category","embeddable":true,"href":"https:\/\/arquivosfutebolbrasil.com.br\/blog\/wp-json\/wp\/v2\/categories?post=15642"},{"taxonomy":"post_tag","embeddable":true,"href":"https:\/\/arquivosfutebolbrasil.com.br\/blog\/wp-json\/wp\/v2\/tags?post=15642"}],"curies":[{"name":"wp","href":"https:\/\/api.w.org\/{rel}","templated":true}]}}