{"id":15294,"date":"2020-10-16T21:06:52","date_gmt":"2020-10-17T00:06:52","guid":{"rendered":"https:\/\/arquivosfutebolbrasil.com.br\/blog\/?p=15294"},"modified":"2020-10-16T21:06:53","modified_gmt":"2020-10-17T00:06:53","slug":"comerciario-esporte-clube-criciuma-campeao-catarinense-de-1968","status":"publish","type":"post","link":"https:\/\/arquivosfutebolbrasil.com.br\/blog\/2020\/10\/16\/comerciario-esporte-clube-criciuma-campeao-catarinense-de-1968\/","title":{"rendered":"Comerci\u00e1rio Esporte Clube (Crici\u00fama) &#8211; Campe\u00e3o Catarinense de 1968"},"content":{"rendered":"\n<div class=\"wp-block-image\"><figure class=\"aligncenter size-large\"><img loading=\"lazy\" decoding=\"async\" width=\"906\" height=\"558\" src=\"https:\/\/arquivosfutebolbrasil.com.br\/blog\/wp-content\/uploads\/2020\/10\/image-90.png\" alt=\"\" class=\"wp-image-15295\" srcset=\"https:\/\/arquivosfutebolbrasil.com.br\/blog\/wp-content\/uploads\/2020\/10\/image-90.png 906w, https:\/\/arquivosfutebolbrasil.com.br\/blog\/wp-content\/uploads\/2020\/10\/image-90-300x185.png 300w, https:\/\/arquivosfutebolbrasil.com.br\/blog\/wp-content\/uploads\/2020\/10\/image-90-768x473.png 768w\" sizes=\"(max-width: 906px) 100vw, 906px\" \/><figcaption>Fonte: Zuzarte Zuza<\/figcaption><\/figure><\/div>\n\n\n\n<p>28.01.1968<br>Comerci\u00e1rio 3&#215;0 Marc\u00edlio Dias (Itaja\u00ed), em Crici\u00fama<br>04.02.1968<br>Comerci\u00e1rio 1&#215;2 Ava\u00ed (Florian\u00f3polis), em Florian\u00f3polis<br>11.02.1968<br>Comerci\u00e1rio 1&#215;0 Herc\u00edlio Luz (Tubar\u00e3o), em Crici\u00fama<br>18.02.1968<br>Comerci\u00e1rio 1&#215;2 Cruzeiro (Joa\u00e7aba), em Joa\u00e7aba<br>03.03.1968<br>Comerci\u00e1rio 1&#215;2 Metropol (Crici\u00fama), em Crici\u00fama<br>10.03.1968<br>Comerci\u00e1rio 4&#215;1 Internacional (Lages), em Crici\u00fama<br>17.03.1968<br>Comerci\u00e1rio 0x0 Carlos Renaux (Brusque), em Brusque<br>24.03.1968<br>Comerci\u00e1rio 2&#215;0 Ol\u00edmpico (Blumenau), em Blumenau<br>31.03.1968<br>Comerci\u00e1rio 1&#215;0 Am\u00e9rica (Joinville), em Crici\u00fama<br>07.04.1968<br>Comerci\u00e1rio 3&#215;1 Atl\u00e9tico Oper\u00e1rio (Crici\u00fama), em Crici\u00fama<br>14.04.1968<br>Comerci\u00e1rio 1&#215;3 Marc\u00edlio Dias (Itaja\u00ed), em Itaja\u00ed<br>21.04.1968<br>Comerci\u00e1rio 2&#215;1 Ava\u00ed (Florian\u00f3polis), em Crici\u00fama<br>28.04.1968<br>Comerci\u00e1rio 0x1 Herc\u00edlio Luz (Tubar\u00e3o), em Tubar\u00e3o<br>01.05.1968<br>Comerci\u00e1rio 1&#215;0 Cruzeiro (Joa\u00e7aba), em Crici\u00fama<br>05.05.1968<br>Comerci\u00e1rio 0x0 Metropol (Crici\u00fama), em Crici\u00fama<br>12.05.1968<br>Comerci\u00e1rio 0x1 Internacional (Lages), em Lages<br>15.05.1968<br>Comerci\u00e1rio 1&#215;0 Carlos Renaux (Brusque), em Crici\u00fama<br>19.05.1968<br>Comerci\u00e1rio 3&#215;1 Ol\u00edmpico (Blumenau), em Crici\u00fama<br>26.05.1968<br>Comerci\u00e1rio 3&#215;2 Am\u00e9rica (Joinville), em Joinville<br>02.06.1968<br>Comerci\u00e1rio 2&#215;0 Atl\u00e9tico Oper\u00e1rio (Crici\u00fama), em Crici\u00fama<br>14.07.1968<br>Comerci\u00e1rio 1&#215;4 Internacional (Lages), em Lages<br>21.07.1968<br>Comerci\u00e1rio 2&#215;1 Marc\u00edlio Dias (Itaja\u00ed), em Crici\u00fama<br>28.07.1968<br>Comerci\u00e1rio 3&#215;2 Ava\u00ed (Florian\u00f3polis), em Florian\u00f3polis<br>04.08.1968<br>Comerci\u00e1rio 0x0 Pr\u00f3spera (Crici\u00fama), em Crici\u00fama<br>14.08.1968<br>Comerci\u00e1rio 0x1 Ferrovi\u00e1rio (Tubar\u00e3o), em Tubar\u00e3o<br>17.08.1968<br>Comerci\u00e1rio 1&#215;1 Guarany (Lages), em Crici\u00fama<br>01.09.1968<br>Comerci\u00e1rio 0x2 Carlos Renaux (Brusque), em Brusque<br>08.09.1968<br>Comerci\u00e1rio 0x1 Caxias (Joinville), em Joinville<br>11.09.1968<br>Comerci\u00e1rio 2&#215;0 Perdig\u00e3o (Videira), em Crici\u00fama<br>22.09.1968<br>Comerci\u00e1rio 1&#215;0 Herc\u00edlio Luz (Tubar\u00e3o), em Crici\u00fama<br>29.09.1968<br>Comerci\u00e1rio 4&#215;0 Internacional (Lages), em Crici\u00fama<br>06.10.1968<br>Comerci\u00e1rio 0x0 Marc\u00edlio Dias (Itaja\u00ed), em Itaja\u00ed<br>13.10.1968<br>Comerci\u00e1rio 2&#215;0 Ava\u00ed (Florian\u00f3polis), em Crici\u00fama<br>20.10.1968<br>Comerci\u00e1rio 0x0 Pr\u00f3spera (Crici\u00fama), em Crici\u00fama<br>27.10.1968<br>Comerci\u00e1rio 2&#215;0 Ferrovi\u00e1rio (Tubar\u00e3o), em Crici\u00fama<br>16.11.1968<br>Comerci\u00e1rio 2&#215;1 Carlos Renaux (Brusque), em Crici\u00fama<br>24.11.1968<br>Comerci\u00e1rio 0x0 Caxias (Joinville), em Crici\u00fama<br>01.12.1968<br>Comerci\u00e1rio 0x0 Perdig\u00e3o (Videira), em Videira<br>04.12.1968<br>Comerci\u00e1rio 2&#215;0 Guarany (Lages), em Lages<br>07.12.1968<br>Comerci\u00e1rio 0x2 Herc\u00edlio Luz (Tubar\u00e3o), em Tubar\u00e3o<br>08.06.1969<br>Comerci\u00e1rio 0x0 Caxias (Joinville), em Joinville<br>15.06.1969<br>Comerci\u00e1rio 1&#215;1 Caxias (Joinville), em Crici\u00fama<br>29.06.1969<br>Comerci\u00e1rio 2&#215;0 Caxias (Joinville), em Florian\u00f3polis<\/p>\n\n\n\n<p>Fonte: Adalberto Jorge Kluser<\/p>\n\r\n","protected":false},"excerpt":{"rendered":"<p>28.01.1968Comerci\u00e1rio 3&#215;0 Marc\u00edlio Dias (Itaja\u00ed), em Crici\u00fama04.02.1968Comerci\u00e1rio 1&#215;2 Ava\u00ed (Florian\u00f3polis), em Florian\u00f3polis11.02.1968Comerci\u00e1rio 1&#215;0 Herc\u00edlio Luz (Tubar\u00e3o), em Crici\u00fama18.02.1968Comerci\u00e1rio 1&#215;2 Cruzeiro (Joa\u00e7aba), em Joa\u00e7aba03.03.1968Comerci\u00e1rio 1&#215;2 Metropol (Crici\u00fama), em Crici\u00fama10.03.1968Comerci\u00e1rio 4&#215;1 Internacional (Lages), em Crici\u00fama17.03.1968Comerci\u00e1rio 0x0 Carlos Renaux (Brusque), em Brusque24.03.1968Comerci\u00e1rio 2&#215;0 Ol\u00edmpico (Blumenau), em Blumenau31.03.1968Comerci\u00e1rio 1&#215;0 Am\u00e9rica (Joinville), em Crici\u00fama07.04.1968Comerci\u00e1rio 3&#215;1 Atl\u00e9tico Oper\u00e1rio (Crici\u00fama), em Crici\u00fama14.04.1968Comerci\u00e1rio [&hellip;]<\/p>\n","protected":false},"author":2,"featured_media":0,"comment_status":"open","ping_status":"open","sticky":false,"template":"","format":"standard","meta":{"footnotes":""},"categories":[45,48,47,36],"tags":[],"class_list":["post-15294","post","type-post","status-publish","format-standard","hentry","category-campanhas-dos-campeoes","category-campeonatos-historicos","category-jogos-historicos","category-santa-catarina"],"_links":{"self":[{"href":"https:\/\/arquivosfutebolbrasil.com.br\/blog\/wp-json\/wp\/v2\/posts\/15294"}],"collection":[{"href":"https:\/\/arquivosfutebolbrasil.com.br\/blog\/wp-json\/wp\/v2\/posts"}],"about":[{"href":"https:\/\/arquivosfutebolbrasil.com.br\/blog\/wp-json\/wp\/v2\/types\/post"}],"author":[{"embeddable":true,"href":"https:\/\/arquivosfutebolbrasil.com.br\/blog\/wp-json\/wp\/v2\/users\/2"}],"replies":[{"embeddable":true,"href":"https:\/\/arquivosfutebolbrasil.com.br\/blog\/wp-json\/wp\/v2\/comments?post=15294"}],"version-history":[{"count":1,"href":"https:\/\/arquivosfutebolbrasil.com.br\/blog\/wp-json\/wp\/v2\/posts\/15294\/revisions"}],"predecessor-version":[{"id":15296,"href":"https:\/\/arquivosfutebolbrasil.com.br\/blog\/wp-json\/wp\/v2\/posts\/15294\/revisions\/15296"}],"wp:attachment":[{"href":"https:\/\/arquivosfutebolbrasil.com.br\/blog\/wp-json\/wp\/v2\/media?parent=15294"}],"wp:term":[{"taxonomy":"category","embeddable":true,"href":"https:\/\/arquivosfutebolbrasil.com.br\/blog\/wp-json\/wp\/v2\/categories?post=15294"},{"taxonomy":"post_tag","embeddable":true,"href":"https:\/\/arquivosfutebolbrasil.com.br\/blog\/wp-json\/wp\/v2\/tags?post=15294"}],"curies":[{"name":"wp","href":"https:\/\/api.w.org\/{rel}","templated":true}]}}