{"id":14944,"date":"2020-10-07T20:51:00","date_gmt":"2020-10-07T23:51:00","guid":{"rendered":"https:\/\/arquivosfutebolbrasil.com.br\/blog\/?p=14944"},"modified":"2020-10-05T21:02:00","modified_gmt":"2020-10-06T00:02:00","slug":"torneio-inicio-de-porto-alegre-rs-1936","status":"publish","type":"post","link":"https:\/\/arquivosfutebolbrasil.com.br\/blog\/2020\/10\/07\/torneio-inicio-de-porto-alegre-rs-1936\/","title":{"rendered":"Torneio In\u00edcio de Porto Alegre (RS) \u2013 1936"},"content":{"rendered":"\n<p>Data: 29 de Mar\u00e7o de 1936<br>Local: Porto Alegre &#8211; RS<\/p>\n\n\n\n<p>1\u00ba Jogo &#8211; S\u00e3o Jos\u00e9 2&#215;0 Universit\u00e1rios<br>2\u00ba Jogo &#8211; Internacional 1&#215;0 Porto Alegre<br>3\u00ba Jogo &#8211; Cruzeiro 2&#215;0 For\u00e7a E Luz<br>4\u00ba Jogo &#8211; S\u00e3o Jos\u00e9 1&#215;0 Gr\u00eamio<br>5\u00ba Jogo &#8211; Cruzeiro 2&#215;1 Internacional<br>Final &#8211; S\u00e3o Jos\u00e9 1&#215;0 Cruzeiro<\/p>\n\n\n\n<p>Campe\u00e3o &#8211; Esporte Clube S\u00e3o Jos\u00e9 (Porto Alegre &#8211; RS)<\/p>\n\n\n\n<p>Fonte: Arquivos do Autor<\/p>\n\r\n","protected":false},"excerpt":{"rendered":"<p>Data: 29 de Mar\u00e7o de 1936Local: Porto Alegre &#8211; RS 1\u00ba Jogo &#8211; S\u00e3o Jos\u00e9 2&#215;0 Universit\u00e1rios2\u00ba Jogo &#8211; Internacional 1&#215;0 Porto Alegre3\u00ba Jogo &#8211; Cruzeiro 2&#215;0 For\u00e7a E Luz4\u00ba Jogo &#8211; S\u00e3o Jos\u00e9 1&#215;0 Gr\u00eamio5\u00ba Jogo &#8211; Cruzeiro 2&#215;1 InternacionalFinal &#8211; S\u00e3o Jos\u00e9 1&#215;0 Cruzeiro Campe\u00e3o &#8211; Esporte Clube S\u00e3o Jos\u00e9 (Porto Alegre &#8211; [&hellip;]<\/p>\n","protected":false},"author":2,"featured_media":0,"comment_status":"open","ping_status":"open","sticky":false,"template":"","format":"standard","meta":{"footnotes":""},"categories":[48,32],"tags":[],"class_list":["post-14944","post","type-post","status-publish","format-standard","hentry","category-campeonatos-historicos","category-rio-grande-do-sul"],"_links":{"self":[{"href":"https:\/\/arquivosfutebolbrasil.com.br\/blog\/wp-json\/wp\/v2\/posts\/14944"}],"collection":[{"href":"https:\/\/arquivosfutebolbrasil.com.br\/blog\/wp-json\/wp\/v2\/posts"}],"about":[{"href":"https:\/\/arquivosfutebolbrasil.com.br\/blog\/wp-json\/wp\/v2\/types\/post"}],"author":[{"embeddable":true,"href":"https:\/\/arquivosfutebolbrasil.com.br\/blog\/wp-json\/wp\/v2\/users\/2"}],"replies":[{"embeddable":true,"href":"https:\/\/arquivosfutebolbrasil.com.br\/blog\/wp-json\/wp\/v2\/comments?post=14944"}],"version-history":[{"count":1,"href":"https:\/\/arquivosfutebolbrasil.com.br\/blog\/wp-json\/wp\/v2\/posts\/14944\/revisions"}],"predecessor-version":[{"id":14945,"href":"https:\/\/arquivosfutebolbrasil.com.br\/blog\/wp-json\/wp\/v2\/posts\/14944\/revisions\/14945"}],"wp:attachment":[{"href":"https:\/\/arquivosfutebolbrasil.com.br\/blog\/wp-json\/wp\/v2\/media?parent=14944"}],"wp:term":[{"taxonomy":"category","embeddable":true,"href":"https:\/\/arquivosfutebolbrasil.com.br\/blog\/wp-json\/wp\/v2\/categories?post=14944"},{"taxonomy":"post_tag","embeddable":true,"href":"https:\/\/arquivosfutebolbrasil.com.br\/blog\/wp-json\/wp\/v2\/tags?post=14944"}],"curies":[{"name":"wp","href":"https:\/\/api.w.org\/{rel}","templated":true}]}}