{"id":14861,"date":"2020-10-04T07:24:47","date_gmt":"2020-10-04T10:24:47","guid":{"rendered":"https:\/\/arquivosfutebolbrasil.com.br\/blog\/?p=14861"},"modified":"2020-10-04T07:24:49","modified_gmt":"2020-10-04T10:24:49","slug":"tagua-futebol-clube-getulio-vargas-rs-temporada-oficial-de-1987","status":"publish","type":"post","link":"https:\/\/arquivosfutebolbrasil.com.br\/blog\/2020\/10\/04\/tagua-futebol-clube-getulio-vargas-rs-temporada-oficial-de-1987\/","title":{"rendered":"Tagu\u00e1 Futebol Clube (Get\u00falio Vargas &#8211; RS) &#8211; Temporada Oficial de 1987"},"content":{"rendered":"\n<div class=\"wp-block-image\"><figure class=\"aligncenter size-large\"><img loading=\"lazy\" decoding=\"async\" width=\"589\" height=\"356\" src=\"https:\/\/arquivosfutebolbrasil.com.br\/blog\/wp-content\/uploads\/2020\/10\/image-9.png\" alt=\"\" class=\"wp-image-14862\" srcset=\"https:\/\/arquivosfutebolbrasil.com.br\/blog\/wp-content\/uploads\/2020\/10\/image-9.png 589w, https:\/\/arquivosfutebolbrasil.com.br\/blog\/wp-content\/uploads\/2020\/10\/image-9-300x181.png 300w\" sizes=\"(max-width: 589px) 100vw, 589px\" \/><figcaption>Fonte: Lembran\u00e7as do Futebol Ga\u00facho<\/figcaption><\/figure><\/div>\n\n\n\n<p><strong>Campeonato Ga\u00facho &#8211; 2\u00aa Divis\u00e3o<\/strong><\/p>\n\n\n\n<p>22.03.1987<br>Tagu\u00e1 1&#215;2 Santa B\u00e1rbara (Santa B\u00e1rbara do Sul), em Get\u00falio Vargas<br>29.03.1987<br>Tagu\u00e1 1&#215;4 Ypiranga (Erechim), em Erechim<br>05.04.1987<br>Tagu\u00e1 1&#215;0 Ga\u00facho (Passo Fundo), em Passo Fundo<br>12.04.1987<br>Tagu\u00e1 2&#215;2 Guarany (Cruz Alta), em Get\u00falio Vargas<br>18.04.1987<br>Tagu\u00e1 0x1 S\u00e3o Luiz (Iju\u00ed), em Iju\u00ed<br>26.04.1987<br>Tagu\u00e1 0x1 S\u00e3o Luiz (Iju\u00ed), em Get\u00falio Vargas<br>03.05.1987<br>Tagu\u00e1 0x2 Santa B\u00e1rbara (Santa B\u00e1rbara do Sul), em Santa B\u00e1rbara do Sul<br>10.05.1987<br>Tagu\u00e1 2&#215;2 Ypiranga (Erechim), em Get\u00falio Vargas<br>17.05.1987<br>Tagu\u00e1 1&#215;4 Ga\u00facho (Passo Fundo), em Get\u00falio Vargas<br>24.05.1987<br>Tagu\u00e1 0x4 Guarany (Cruz Alta), em Cruz Alta<br>31.05.1987<br>Tagu\u00e1 1&#215;0 Santa B\u00e1rbara (Santa B\u00e1rbara do Sul), em Get\u00falio Vargas<br>07.06.1987<br>Tagu\u00e1 0x1 Oriental (Tr\u00eas de Maio), em Tr\u00eas de Maio<br>14.06.1987<br>Tagu\u00e1 1&#215;1 Botafogo (Tr\u00eas de Maio), em Tr\u00eas de Maio<br>21.06.1987<br>Tagu\u00e1 0x0 Botafogo (Tr\u00eas de Maio), em Get\u00falio Vargas<br>27.06.1987<br>Tagu\u00e1 4&#215;3 Oriental (Tr\u00eas de Maio), em Get\u00falio Vargas<br>05.07.1987<br>Tagu\u00e1 4&#215;1 Santa B\u00e1rbara (Santa B\u00e1rbara do Sul), em Santa B\u00e1rbara do Sul<br>26.07.1987<br>Tagu\u00e1 2&#215;2 Veranense (Veran\u00f3polis), em Get\u00falio Vargas<br>02.09.1987<br>Tagu\u00e1 0x2 Uruguaiana (Uruguaiana), em Uruguaiana<br>10.09.1987<br>Tagu\u00e1 2&#215;2 Veranense (Veran\u00f3polis), em Veran\u00f3polis<br>13.09.1987<br>Tagu\u00e1 2&#215;1 Uruguaiana (Uruguaiana), em Get\u00falio Vargas<br>17.09.1987<br>Tagu\u00e1 0x0 Riograndense (Rio Grande), em Get\u00falio Vargas<br>20.09.1987<br>Tagu\u00e1 1&#215;2 Veranense (Veran\u00f3polis), em Veran\u00f3polis<br>23.09.1987<br>Tagu\u00e1 1&#215;1 Elite (Santo \u00c2ngelo), em Get\u00falio Vargas<br>27.09.1987<br>Tagu\u00e1 1&#215;1 Elite (Santo \u00c2ngelo), em Santo \u00c2ngelo<br>01.10.1987<br>Tagu\u00e1 3&#215;3 Riograndense (Rio Grande), em Rio Grande<br>04.10.1987<br>Tagu\u00e1 0xW0 Veranense (Veran\u00f3polis), em Get\u00falio Vargas<\/p>\n\n\n\n<p>Fonte: Livro &#8220;Hist\u00f3ria do Acesso no Futebol Ga\u00facho&#8221;<\/p>\n\r\n","protected":false},"excerpt":{"rendered":"<p>Campeonato Ga\u00facho &#8211; 2\u00aa Divis\u00e3o 22.03.1987Tagu\u00e1 1&#215;2 Santa B\u00e1rbara (Santa B\u00e1rbara do Sul), em Get\u00falio Vargas29.03.1987Tagu\u00e1 1&#215;4 Ypiranga (Erechim), em Erechim05.04.1987Tagu\u00e1 1&#215;0 Ga\u00facho (Passo Fundo), em Passo Fundo12.04.1987Tagu\u00e1 2&#215;2 Guarany (Cruz Alta), em Get\u00falio Vargas18.04.1987Tagu\u00e1 0x1 S\u00e3o Luiz (Iju\u00ed), em Iju\u00ed26.04.1987Tagu\u00e1 0x1 S\u00e3o Luiz (Iju\u00ed), em Get\u00falio Vargas03.05.1987Tagu\u00e1 0x2 Santa B\u00e1rbara (Santa B\u00e1rbara do Sul), [&hellip;]<\/p>\n","protected":false},"author":2,"featured_media":0,"comment_status":"open","ping_status":"open","sticky":false,"template":"","format":"standard","meta":{"footnotes":""},"categories":[48,54,47,32,57],"tags":[],"class_list":["post-14861","post","type-post","status-publish","format-standard","hentry","category-campeonatos-historicos","category-fotos-historicas","category-jogos-historicos","category-rio-grande-do-sul","category-temporadas"],"_links":{"self":[{"href":"https:\/\/arquivosfutebolbrasil.com.br\/blog\/wp-json\/wp\/v2\/posts\/14861"}],"collection":[{"href":"https:\/\/arquivosfutebolbrasil.com.br\/blog\/wp-json\/wp\/v2\/posts"}],"about":[{"href":"https:\/\/arquivosfutebolbrasil.com.br\/blog\/wp-json\/wp\/v2\/types\/post"}],"author":[{"embeddable":true,"href":"https:\/\/arquivosfutebolbrasil.com.br\/blog\/wp-json\/wp\/v2\/users\/2"}],"replies":[{"embeddable":true,"href":"https:\/\/arquivosfutebolbrasil.com.br\/blog\/wp-json\/wp\/v2\/comments?post=14861"}],"version-history":[{"count":1,"href":"https:\/\/arquivosfutebolbrasil.com.br\/blog\/wp-json\/wp\/v2\/posts\/14861\/revisions"}],"predecessor-version":[{"id":14863,"href":"https:\/\/arquivosfutebolbrasil.com.br\/blog\/wp-json\/wp\/v2\/posts\/14861\/revisions\/14863"}],"wp:attachment":[{"href":"https:\/\/arquivosfutebolbrasil.com.br\/blog\/wp-json\/wp\/v2\/media?parent=14861"}],"wp:term":[{"taxonomy":"category","embeddable":true,"href":"https:\/\/arquivosfutebolbrasil.com.br\/blog\/wp-json\/wp\/v2\/categories?post=14861"},{"taxonomy":"post_tag","embeddable":true,"href":"https:\/\/arquivosfutebolbrasil.com.br\/blog\/wp-json\/wp\/v2\/tags?post=14861"}],"curies":[{"name":"wp","href":"https:\/\/api.w.org\/{rel}","templated":true}]}}