{"id":14814,"date":"2020-09-29T19:19:27","date_gmt":"2020-09-29T22:19:27","guid":{"rendered":"https:\/\/arquivosfutebolbrasil.com.br\/blog\/?p=14814"},"modified":"2020-09-29T19:19:28","modified_gmt":"2020-09-29T22:19:28","slug":"sa-viana-futebol-clube-uruguaiana-rs-temporada-oficial-de-1973","status":"publish","type":"post","link":"https:\/\/arquivosfutebolbrasil.com.br\/blog\/2020\/09\/29\/sa-viana-futebol-clube-uruguaiana-rs-temporada-oficial-de-1973\/","title":{"rendered":"S\u00e1 Viana Futebol Clube (Uruguaiana &#8211; RS) &#8211; Temporada Oficial de 1973"},"content":{"rendered":"\n<div class=\"wp-block-image\"><figure class=\"aligncenter size-large is-resized\"><img loading=\"lazy\" decoding=\"async\" src=\"https:\/\/arquivosfutebolbrasil.com.br\/blog\/wp-content\/uploads\/2020\/09\/image-71.png\" alt=\"\" class=\"wp-image-14815\" width=\"628\" height=\"319\" srcset=\"https:\/\/arquivosfutebolbrasil.com.br\/blog\/wp-content\/uploads\/2020\/09\/image-71.png 585w, https:\/\/arquivosfutebolbrasil.com.br\/blog\/wp-content\/uploads\/2020\/09\/image-71-300x152.png 300w\" sizes=\"(max-width: 628px) 100vw, 628px\" \/><figcaption>Fonte: Lembran\u00e7as do Futebol Ga\u00facho<\/figcaption><\/figure><\/div>\n\n\n\n<p><strong>Copa Governador do Estado<\/strong><\/p>\n\n\n\n<p>28.01.1973<br>S\u00e1 Viana 2&#215;0 Fluminense (Santana do Livramento), em Santana do Livramento<br>04.02.1973<br>S\u00e1 Viana 3&#215;0 Santanense (Santana do Livramento), em Uruguaiana<br>11.02.1973<br>S\u00e1 Viana 3&#215;2 Internacional (S\u00e3o Borja), em S\u00e3o Borja<br>18.02.1973<br>S\u00e1 Viana 2&#215;0 Armour (Santana do Livramento), em Uruguaiana<br>11.03.1973<br>S\u00e1 Viana 3&#215;2 Santanense (Santana do Livramento), em Santana do Livramento<br>18.03.1973<br>S\u00e1 Viana 1&#215;0 Internacional (S\u00e3o Borja), em Uruguaiana<br>25.03.1973<br>S\u00e1 Viana 0x3 Armour (Santana do Livramento), em Santana do Livramento<br>01.04.1973<br>S\u00e1 Viana 0x0 Fluminense (Santana do Livramento), em Uruguaiana<br>06.05.1973<br>S\u00e1 Viana 1&#215;2 Riograndense (Santa Maria), em Santa Maria<br>13.05.1973<br>S\u00e1 Viana 0x0 Novo Hamburgo (Novo Hamburgo), em Uruguaiana<br>20.05.1973<br>S\u00e1 Viana 1&#215;1 Rio Grande (Rio Grande), em Rio Grande<br>27.05.1973<br>S\u00e1 Viana 3&#215;0 Veranense (Veran\u00f3polis), em Uruguaiana<br>17.06.1973<br>S\u00e1 Viana 2&#215;1 Riograndense (Santa Maria), em Uruguaiana<br>24.06.1973<br>S\u00e1 Viana 2&#215;3 Novo Hamburgo (Novo Hamburgo), em Novo Hamburgo<br>01.07.1973<br>S\u00e1 Viana 2&#215;0 Rio Grande (Rio Grande), em Uruguaiana<br>08.07.1973<br>S\u00e1 Viana 1&#215;1 Veranense (Veran\u00f3polis), em Veran\u00f3polis<br>19.08.1973<br>S\u00e1 Viana 0x2 Bag\u00e9 (Bag\u00e9), em Bag\u00e9<br>26.08.1973<br>S\u00e1 Viana 0x0 S\u00e3o Luiz (Iju\u00ed), em Uruguaiana<br>02.09.1973<br>S\u00e1 Viana 0x1 Caxias (Caxias do Sul), em Caxias do Sul<br>09.09.1973<br>S\u00e1 Viana 0x0 S\u00e3o Jos\u00e9 (Porto Alegre), em Uruguaiana<br>16.09.1973<br>S\u00e1 Viana 1&#215;2 Santo \u00c2ngelo (Santo \u00c2ngelo), em Santo \u00c2ngelo<br>23.09.1973<br>S\u00e1 Viana 0x0 Ypiranga (Erechim), em Uruguaiana<br>30.09.1973<br>S\u00e1 Viana 0x1 Atl\u00e9tico (Carazinho), em Carazinho<br>07.10.1973<br>S\u00e1 Viana 2&#215;0 Lajeado (Lajeado), em Uruguaiana<br>14.10.1973<br>S\u00e1 Viana 0x3 Internacional (Santa Maria), em Santa Maria<br>21.10.1973<br>S\u00e1 Viana 2&#215;4 Armour (Santana do Livramento), em Santana do Livramento<br>28.10.1973<br>S\u00e1 Viana 1&#215;0 Pelotas (Pelotas), em Uruguaiana<br>04.11.1973<br>S\u00e1 Viana 1&#215;6 Encantado (Encantado), em Encantado<br>11.11.1973<br>S\u00e1 Viana 0x1 Esportivo (Bento Gon\u00e7alves), em Uruguaiana<br>15.11.1973<br>S\u00e1 Viana 3&#215;0 Ga\u00facho (Passo Fundo), em Uruguaiana<br>18.11.1973<br>S\u00e1 Viana 1&#215;3 Santa Cruz (Santa Cruz do Sul), em Santa Cruz do Sul<br>25.11.1973<br>S\u00e1 Viana 0x1 Novo Hamburgo (Novo Hamburgo), em Novo Hamburgo<br>02.12.1973<br>S\u00e1 Viana 1&#215;0 Juventude (Guapor\u00e9), em Uruguaiana<br>09.12.1973<br>S\u00e1 Viana 0x0 Aimor\u00e9(S\u00e3o Leopoldo), em Uruguaiana<br>16.12.1973<br>S\u00e1 Viana 0x2 Brasil (Pelotas), em Pelotas<\/p>\n\n\n\n<p>Fonte: Jos\u00e9 Luiz Tavares Maciel<\/p>\n\r\n","protected":false},"excerpt":{"rendered":"<p>Copa Governador do Estado 28.01.1973S\u00e1 Viana 2&#215;0 Fluminense (Santana do Livramento), em Santana do Livramento04.02.1973S\u00e1 Viana 3&#215;0 Santanense (Santana do Livramento), em Uruguaiana11.02.1973S\u00e1 Viana 3&#215;2 Internacional (S\u00e3o Borja), em S\u00e3o Borja18.02.1973S\u00e1 Viana 2&#215;0 Armour (Santana do Livramento), em Uruguaiana11.03.1973S\u00e1 Viana 3&#215;2 Santanense (Santana do Livramento), em Santana do Livramento18.03.1973S\u00e1 Viana 1&#215;0 Internacional (S\u00e3o Borja), em [&hellip;]<\/p>\n","protected":false},"author":2,"featured_media":0,"comment_status":"open","ping_status":"open","sticky":false,"template":"","format":"standard","meta":{"footnotes":""},"categories":[48,47,32,57],"tags":[],"class_list":["post-14814","post","type-post","status-publish","format-standard","hentry","category-campeonatos-historicos","category-jogos-historicos","category-rio-grande-do-sul","category-temporadas"],"_links":{"self":[{"href":"https:\/\/arquivosfutebolbrasil.com.br\/blog\/wp-json\/wp\/v2\/posts\/14814"}],"collection":[{"href":"https:\/\/arquivosfutebolbrasil.com.br\/blog\/wp-json\/wp\/v2\/posts"}],"about":[{"href":"https:\/\/arquivosfutebolbrasil.com.br\/blog\/wp-json\/wp\/v2\/types\/post"}],"author":[{"embeddable":true,"href":"https:\/\/arquivosfutebolbrasil.com.br\/blog\/wp-json\/wp\/v2\/users\/2"}],"replies":[{"embeddable":true,"href":"https:\/\/arquivosfutebolbrasil.com.br\/blog\/wp-json\/wp\/v2\/comments?post=14814"}],"version-history":[{"count":1,"href":"https:\/\/arquivosfutebolbrasil.com.br\/blog\/wp-json\/wp\/v2\/posts\/14814\/revisions"}],"predecessor-version":[{"id":14816,"href":"https:\/\/arquivosfutebolbrasil.com.br\/blog\/wp-json\/wp\/v2\/posts\/14814\/revisions\/14816"}],"wp:attachment":[{"href":"https:\/\/arquivosfutebolbrasil.com.br\/blog\/wp-json\/wp\/v2\/media?parent=14814"}],"wp:term":[{"taxonomy":"category","embeddable":true,"href":"https:\/\/arquivosfutebolbrasil.com.br\/blog\/wp-json\/wp\/v2\/categories?post=14814"},{"taxonomy":"post_tag","embeddable":true,"href":"https:\/\/arquivosfutebolbrasil.com.br\/blog\/wp-json\/wp\/v2\/tags?post=14814"}],"curies":[{"name":"wp","href":"https:\/\/api.w.org\/{rel}","templated":true}]}}