{"id":14558,"date":"2020-09-05T19:26:48","date_gmt":"2020-09-05T22:26:48","guid":{"rendered":"https:\/\/arquivosfutebolbrasil.com.br\/blog\/?p=14558"},"modified":"2020-09-05T19:26:50","modified_gmt":"2020-09-05T22:26:50","slug":"araxa-esporte-clube-araxa-mg-temporada-oficial-de-1985","status":"publish","type":"post","link":"https:\/\/arquivosfutebolbrasil.com.br\/blog\/2020\/09\/05\/araxa-esporte-clube-araxa-mg-temporada-oficial-de-1985\/","title":{"rendered":"Arax\u00e1 Esporte Clube (Arax\u00e1 &#8211; MG) &#8211; Temporada Oficial de 1985"},"content":{"rendered":"\n<figure class=\"wp-block-image size-large\"><img loading=\"lazy\" decoding=\"async\" width=\"629\" height=\"294\" src=\"https:\/\/arquivosfutebolbrasil.com.br\/blog\/wp-content\/uploads\/2020\/09\/image-17.png\" alt=\"\" class=\"wp-image-14559\" srcset=\"https:\/\/arquivosfutebolbrasil.com.br\/blog\/wp-content\/uploads\/2020\/09\/image-17.png 629w, https:\/\/arquivosfutebolbrasil.com.br\/blog\/wp-content\/uploads\/2020\/09\/image-17-300x140.png 300w\" sizes=\"(max-width: 629px) 100vw, 629px\" \/><figcaption>Fonte: Givago Lopes<\/figcaption><\/figure>\n\n\n\n<p><strong>Campeonato Mineiro &#8211; 2\u00aa Divis\u00e3o<\/strong><\/p>\n\n\n\n<p>18.08.1985<br>Arax\u00e1 0x2 Fluminense (Araguari), em Araguari<br>25.08.1985<br>Arax\u00e1 1&#215;1 Ituiutabana (Ituiutaba), em Arax\u00e1<br>28.08.1985<br>Arax\u00e1 0x0 Araguari (Araguari), em Arax\u00e1<br>01.09.1985<br>Arax\u00e1 0x1 Sparta (Campo Belo), em Campo Belo<br>08.09.1985<br>Arax\u00e1 2&#215;1 Ateneu (Montes Claros), em Arax\u00e1<br>11.09.1985<br>Arax\u00e1 0x0 Nova Lima (Tr\u00eas Cora\u00e7\u00f5es), em Tr\u00eas Cora\u00e7\u00f5es<br>15.09.1985<br>Arax\u00e1 0x1 URT (Patos de Minas), em Arax\u00e1<br>22.09.1985<br>Arax\u00e1 2&#215;0 Fluminense (Araguari), em Arax\u00e1<br>29.09.1985<br>Arax\u00e1 0x0 Ituiutabana (Ituiutaba), em Ituiutaba<br>02.10.1985<br>Arax\u00e1 x Araguari (Araguari), em Araguari<br>06.10.1985<br>Arax\u00e1 0x0 Sparta (Campo Belo), em Arax\u00e1<br>13.10.1985<br>Arax\u00e1 x Ateneu (Montes Claros), em Montes Claros<br>16.10.1985<br>Arax\u00e1 2&#215;0 Nova Lima (Tr\u00eas Cora\u00e7\u00f5es), em Arax\u00e1<br>20.10.1985<br>Arax\u00e1 0x3 URT (Patos de Minas), em Patos de Minas<\/p>\n\n\n\n<p>Fonte: Vitor Dias<\/p>\n\r\n","protected":false},"excerpt":{"rendered":"<p>Campeonato Mineiro &#8211; 2\u00aa Divis\u00e3o 18.08.1985Arax\u00e1 0x2 Fluminense (Araguari), em Araguari25.08.1985Arax\u00e1 1&#215;1 Ituiutabana (Ituiutaba), em Arax\u00e128.08.1985Arax\u00e1 0x0 Araguari (Araguari), em Arax\u00e101.09.1985Arax\u00e1 0x1 Sparta (Campo Belo), em Campo Belo08.09.1985Arax\u00e1 2&#215;1 Ateneu (Montes Claros), em Arax\u00e111.09.1985Arax\u00e1 0x0 Nova Lima (Tr\u00eas Cora\u00e7\u00f5es), em Tr\u00eas Cora\u00e7\u00f5es15.09.1985Arax\u00e1 0x1 URT (Patos de Minas), em Arax\u00e122.09.1985Arax\u00e1 2&#215;0 Fluminense (Araguari), em Arax\u00e129.09.1985Arax\u00e1 0x0 [&hellip;]<\/p>\n","protected":false},"author":2,"featured_media":0,"comment_status":"open","ping_status":"open","sticky":false,"template":"","format":"standard","meta":{"footnotes":""},"categories":[48,54,47,23,57],"tags":[],"class_list":["post-14558","post","type-post","status-publish","format-standard","hentry","category-campeonatos-historicos","category-fotos-historicas","category-jogos-historicos","category-minas-gerais","category-temporadas"],"_links":{"self":[{"href":"https:\/\/arquivosfutebolbrasil.com.br\/blog\/wp-json\/wp\/v2\/posts\/14558"}],"collection":[{"href":"https:\/\/arquivosfutebolbrasil.com.br\/blog\/wp-json\/wp\/v2\/posts"}],"about":[{"href":"https:\/\/arquivosfutebolbrasil.com.br\/blog\/wp-json\/wp\/v2\/types\/post"}],"author":[{"embeddable":true,"href":"https:\/\/arquivosfutebolbrasil.com.br\/blog\/wp-json\/wp\/v2\/users\/2"}],"replies":[{"embeddable":true,"href":"https:\/\/arquivosfutebolbrasil.com.br\/blog\/wp-json\/wp\/v2\/comments?post=14558"}],"version-history":[{"count":1,"href":"https:\/\/arquivosfutebolbrasil.com.br\/blog\/wp-json\/wp\/v2\/posts\/14558\/revisions"}],"predecessor-version":[{"id":14560,"href":"https:\/\/arquivosfutebolbrasil.com.br\/blog\/wp-json\/wp\/v2\/posts\/14558\/revisions\/14560"}],"wp:attachment":[{"href":"https:\/\/arquivosfutebolbrasil.com.br\/blog\/wp-json\/wp\/v2\/media?parent=14558"}],"wp:term":[{"taxonomy":"category","embeddable":true,"href":"https:\/\/arquivosfutebolbrasil.com.br\/blog\/wp-json\/wp\/v2\/categories?post=14558"},{"taxonomy":"post_tag","embeddable":true,"href":"https:\/\/arquivosfutebolbrasil.com.br\/blog\/wp-json\/wp\/v2\/tags?post=14558"}],"curies":[{"name":"wp","href":"https:\/\/api.w.org\/{rel}","templated":true}]}}