{"id":14551,"date":"2020-09-05T15:55:05","date_gmt":"2020-09-05T18:55:05","guid":{"rendered":"https:\/\/arquivosfutebolbrasil.com.br\/blog\/?p=14551"},"modified":"2020-09-05T15:55:06","modified_gmt":"2020-09-05T18:55:06","slug":"torneio-incentivo-matogrossense-1978","status":"publish","type":"post","link":"https:\/\/arquivosfutebolbrasil.com.br\/blog\/2020\/09\/05\/torneio-incentivo-matogrossense-1978\/","title":{"rendered":"Torneio Incentivo Matogrossense \u2013 1978"},"content":{"rendered":"\n<p><strong>Equipes Participantes:<\/strong><\/p>\n\n\n\n<p>C\u00e1ceres Esporte Clube C\u00e1ceres<br>Clube Esportivo Oper\u00e1rio Varzeagrandense V\u00e1rzea Grande<br>Palmeiras Futebol Clube Cuiab\u00e1<br>Uni\u00e3o Esporte Clube Rondon\u00f3polis<\/p>\n\n\n\n<p><strong>1\u00ba Turno<\/strong><\/p>\n\n\n\n<p>07.05.1978<br>C\u00e1ceres 0x0 Oper\u00e1rio<br>10.05.1978<br>Palmeiras 1&#215;0 C\u00e1ceres<br>14.05.1978<br>Palmeiras 0x0 Uni\u00e3o<br>21.05.1978<br>Uni\u00e3o 4&#215;1 C\u00e1ceres<br>Oper\u00e1rio 3&#215;0 Palmeiras<br>28.05.1978<br>Uni\u00e3o 0x0 Oper\u00e1rio<\/p>\n\n\n\n<pre class=\"wp-block-code\"><code>    J   V   E   D   GP  GC  PG<\/code><\/pre>\n\n\n\n<p>01\u00ba Oper\u00e1rio 03 01 02 00 03 00 04<br>02\u00ba Uni\u00e3o 03 01 02 00 04 01 04<br>03\u00ba Palmeiras 03 01 01 01 01 03 03<br>04\u00ba C\u00e1ceres 03 00 01 02 01 05 01<\/p>\n\n\n\n<p><strong>2\u00ba Turno<\/strong><\/p>\n\n\n\n<p>04.06.1978<br>C\u00e1ceres 2&#215;0 Palmeiras<br>11.06.1978<br>C\u00e1ceres 2&#215;0 Uni\u00e3o<br>13.06.1978<br>Oper\u00e1rio 2&#215;1 Palmeiras<br>17.06.1978<br>Oper\u00e1rio 2&#215;0 C\u00e1ceres<br>18.06.1978<br>Uni\u00e3o 5&#215;0 Palmeiras<br>09.07.1978<br>Oper\u00e1rio 2&#215;2 Uni\u00e3o<\/p>\n\n\n\n<pre class=\"wp-block-code\"><code>    J   V   E   D   GP  GC  PG<\/code><\/pre>\n\n\n\n<p>01\u00ba Oper\u00e1rio 03 02 01 00 06 03 05<br>02\u00ba C\u00e1ceres 03 02 00 01 04 02 04<br>03\u00ba Uni\u00e3o 03 01 01 01 07 04 03<br>04\u00ba Palmeiras 03 00 00 03 01 09 00<\/p>\n\n\n\n<p>Campe\u00e3o &#8211; Clube Esportivo Oper\u00e1rio Varzeagrandense (V\u00e1rzea Grande &#8211; MT)<\/p>\n\n\n\n<p>Fonte: S\u00e9rgio Santos<\/p>\n\r\n","protected":false},"excerpt":{"rendered":"<p>Equipes Participantes: C\u00e1ceres Esporte Clube C\u00e1ceresClube Esportivo Oper\u00e1rio Varzeagrandense V\u00e1rzea GrandePalmeiras Futebol Clube Cuiab\u00e1Uni\u00e3o Esporte Clube Rondon\u00f3polis 1\u00ba Turno 07.05.1978C\u00e1ceres 0x0 Oper\u00e1rio10.05.1978Palmeiras 1&#215;0 C\u00e1ceres14.05.1978Palmeiras 0x0 Uni\u00e3o21.05.1978Uni\u00e3o 4&#215;1 C\u00e1ceresOper\u00e1rio 3&#215;0 Palmeiras28.05.1978Uni\u00e3o 0x0 Oper\u00e1rio 01\u00ba Oper\u00e1rio 03 01 02 00 03 00 0402\u00ba Uni\u00e3o 03 01 02 00 04 01 0403\u00ba Palmeiras 03 01 01 01 01 [&hellip;]<\/p>\n","protected":false},"author":2,"featured_media":0,"comment_status":"open","ping_status":"open","sticky":false,"template":"","format":"standard","meta":{"footnotes":""},"categories":[48,21],"tags":[],"class_list":["post-14551","post","type-post","status-publish","format-standard","hentry","category-campeonatos-historicos","category-mato-grosso"],"_links":{"self":[{"href":"https:\/\/arquivosfutebolbrasil.com.br\/blog\/wp-json\/wp\/v2\/posts\/14551"}],"collection":[{"href":"https:\/\/arquivosfutebolbrasil.com.br\/blog\/wp-json\/wp\/v2\/posts"}],"about":[{"href":"https:\/\/arquivosfutebolbrasil.com.br\/blog\/wp-json\/wp\/v2\/types\/post"}],"author":[{"embeddable":true,"href":"https:\/\/arquivosfutebolbrasil.com.br\/blog\/wp-json\/wp\/v2\/users\/2"}],"replies":[{"embeddable":true,"href":"https:\/\/arquivosfutebolbrasil.com.br\/blog\/wp-json\/wp\/v2\/comments?post=14551"}],"version-history":[{"count":1,"href":"https:\/\/arquivosfutebolbrasil.com.br\/blog\/wp-json\/wp\/v2\/posts\/14551\/revisions"}],"predecessor-version":[{"id":14552,"href":"https:\/\/arquivosfutebolbrasil.com.br\/blog\/wp-json\/wp\/v2\/posts\/14551\/revisions\/14552"}],"wp:attachment":[{"href":"https:\/\/arquivosfutebolbrasil.com.br\/blog\/wp-json\/wp\/v2\/media?parent=14551"}],"wp:term":[{"taxonomy":"category","embeddable":true,"href":"https:\/\/arquivosfutebolbrasil.com.br\/blog\/wp-json\/wp\/v2\/categories?post=14551"},{"taxonomy":"post_tag","embeddable":true,"href":"https:\/\/arquivosfutebolbrasil.com.br\/blog\/wp-json\/wp\/v2\/tags?post=14551"}],"curies":[{"name":"wp","href":"https:\/\/api.w.org\/{rel}","templated":true}]}}