{"id":14139,"date":"2020-08-23T21:27:27","date_gmt":"2020-08-24T00:27:27","guid":{"rendered":"https:\/\/arquivosfutebolbrasil.com.br\/blog\/?p=14139"},"modified":"2020-08-23T21:27:28","modified_gmt":"2020-08-24T00:27:28","slug":"torneio-inicio-acreano-1988","status":"publish","type":"post","link":"https:\/\/arquivosfutebolbrasil.com.br\/blog\/2020\/08\/23\/torneio-inicio-acreano-1988\/","title":{"rendered":"Torneio In\u00edcio Acreano \u2013 1988"},"content":{"rendered":"\n<p>Data: 16 de abril de 1988<br>Local: Est\u00e1dio Jos\u00e9 de Melo, em Rio Branco<br><br>1\u00ba Jogo &#8211; Independ\u00eancia 1&#215;0 Andir\u00e1<br>2\u00ba Jogo &#8211; Atl\u00e9tico 2&#215;1 Amap\u00e1<br>3\u00ba Jogo &#8211; Juventus 1&#215;0 Rio Branco<br>4\u00ba Jogo &#8211; S\u00e3o Francisco 2&#215;1 Vasco Da Gama<br>5\u00ba Jogo &#8211; Independ\u00eancia 0x0 Atl\u00e9tico (3&#215;1 pen)<br>6\u00ba Jogo &#8211; Juventus 1&#215;0 S\u00e3o Francisco<br>Final &#8211; Juventus 0x0 Independ\u00eancia (4&#215;1 pen)<br><br>Campe\u00e3o &#8211; Atl\u00e9tico Clube Juventus (Rio Branco &#8211; AC)<br><br>Fonte: Futebol Acreano em Revista<\/p>\n\r\n","protected":false},"excerpt":{"rendered":"<p>Data: 16 de abril de 1988Local: Est\u00e1dio Jos\u00e9 de Melo, em Rio Branco 1\u00ba Jogo &#8211; Independ\u00eancia 1&#215;0 Andir\u00e12\u00ba Jogo &#8211; Atl\u00e9tico 2&#215;1 Amap\u00e13\u00ba Jogo &#8211; Juventus 1&#215;0 Rio Branco4\u00ba Jogo &#8211; S\u00e3o Francisco 2&#215;1 Vasco Da Gama5\u00ba Jogo &#8211; Independ\u00eancia 0x0 Atl\u00e9tico (3&#215;1 pen)6\u00ba Jogo &#8211; Juventus 1&#215;0 S\u00e3o FranciscoFinal &#8211; Juventus 0x0 Independ\u00eancia [&hellip;]<\/p>\n","protected":false},"author":2,"featured_media":0,"comment_status":"open","ping_status":"open","sticky":false,"template":"","format":"standard","meta":{"footnotes":""},"categories":[5,48],"tags":[],"class_list":["post-14139","post","type-post","status-publish","format-standard","hentry","category-acre","category-campeonatos-historicos"],"_links":{"self":[{"href":"https:\/\/arquivosfutebolbrasil.com.br\/blog\/wp-json\/wp\/v2\/posts\/14139"}],"collection":[{"href":"https:\/\/arquivosfutebolbrasil.com.br\/blog\/wp-json\/wp\/v2\/posts"}],"about":[{"href":"https:\/\/arquivosfutebolbrasil.com.br\/blog\/wp-json\/wp\/v2\/types\/post"}],"author":[{"embeddable":true,"href":"https:\/\/arquivosfutebolbrasil.com.br\/blog\/wp-json\/wp\/v2\/users\/2"}],"replies":[{"embeddable":true,"href":"https:\/\/arquivosfutebolbrasil.com.br\/blog\/wp-json\/wp\/v2\/comments?post=14139"}],"version-history":[{"count":1,"href":"https:\/\/arquivosfutebolbrasil.com.br\/blog\/wp-json\/wp\/v2\/posts\/14139\/revisions"}],"predecessor-version":[{"id":14140,"href":"https:\/\/arquivosfutebolbrasil.com.br\/blog\/wp-json\/wp\/v2\/posts\/14139\/revisions\/14140"}],"wp:attachment":[{"href":"https:\/\/arquivosfutebolbrasil.com.br\/blog\/wp-json\/wp\/v2\/media?parent=14139"}],"wp:term":[{"taxonomy":"category","embeddable":true,"href":"https:\/\/arquivosfutebolbrasil.com.br\/blog\/wp-json\/wp\/v2\/categories?post=14139"},{"taxonomy":"post_tag","embeddable":true,"href":"https:\/\/arquivosfutebolbrasil.com.br\/blog\/wp-json\/wp\/v2\/tags?post=14139"}],"curies":[{"name":"wp","href":"https:\/\/api.w.org\/{rel}","templated":true}]}}