{"id":13887,"date":"2020-08-13T17:09:27","date_gmt":"2020-08-13T20:09:27","guid":{"rendered":"https:\/\/arquivosfutebolbrasil.com.br\/blog\/?p=13887"},"modified":"2020-08-13T17:09:28","modified_gmt":"2020-08-13T20:09:28","slug":"festival-esportivo-da-associacao-viminas-de-esportes-vitoria-es-1933","status":"publish","type":"post","link":"https:\/\/arquivosfutebolbrasil.com.br\/blog\/2020\/08\/13\/festival-esportivo-da-associacao-viminas-de-esportes-vitoria-es-1933\/","title":{"rendered":"Festival Esportivo da Associa\u00e7\u00e3o Viminas de Esportes (Vit\u00f3ria &#8211; ES) \u2013 1933"},"content":{"rendered":"\n<p>Data: 07 de Maio de 1933<br>Local: Vit\u00f3ria &#8211; ES<\/p>\n\n\n\n<p>2\u00ba Quadros &#8211; Viminas (Vit\u00f3ria) 5&#215;1 Rio Branco (Vit\u00f3ria)<br>1\u00ba Quadros &#8211; Viminas (Vit\u00f3ria) 8&#215;2 Rio Branco (Alegre)<\/p>\n\n\n\n<p>Data: 08 de Maio de 1933<br>Local: Vit\u00f3ria &#8211; ES<\/p>\n\n\n\n<p>1\u00ba Quadros &#8211; Combinado Capixaba 2&#215;2 Rio Branco (Alegre)<\/p>\n\n\n\n<p>Fonte: Arquivos do Autor<\/p>\n\r\n","protected":false},"excerpt":{"rendered":"<p>Data: 07 de Maio de 1933Local: Vit\u00f3ria &#8211; ES 2\u00ba Quadros &#8211; Viminas (Vit\u00f3ria) 5&#215;1 Rio Branco (Vit\u00f3ria)1\u00ba Quadros &#8211; Viminas (Vit\u00f3ria) 8&#215;2 Rio Branco (Alegre) Data: 08 de Maio de 1933Local: Vit\u00f3ria &#8211; ES 1\u00ba Quadros &#8211; Combinado Capixaba 2&#215;2 Rio Branco (Alegre) Fonte: Arquivos do Autor<\/p>\n","protected":false},"author":2,"featured_media":0,"comment_status":"open","ping_status":"open","sticky":false,"template":"","format":"standard","meta":{"footnotes":""},"categories":[18,46,47],"tags":[],"class_list":["post-13887","post","type-post","status-publish","format-standard","hentry","category-espirito-santo","category-jogos-amistosos-nacionais","category-jogos-historicos"],"_links":{"self":[{"href":"https:\/\/arquivosfutebolbrasil.com.br\/blog\/wp-json\/wp\/v2\/posts\/13887"}],"collection":[{"href":"https:\/\/arquivosfutebolbrasil.com.br\/blog\/wp-json\/wp\/v2\/posts"}],"about":[{"href":"https:\/\/arquivosfutebolbrasil.com.br\/blog\/wp-json\/wp\/v2\/types\/post"}],"author":[{"embeddable":true,"href":"https:\/\/arquivosfutebolbrasil.com.br\/blog\/wp-json\/wp\/v2\/users\/2"}],"replies":[{"embeddable":true,"href":"https:\/\/arquivosfutebolbrasil.com.br\/blog\/wp-json\/wp\/v2\/comments?post=13887"}],"version-history":[{"count":1,"href":"https:\/\/arquivosfutebolbrasil.com.br\/blog\/wp-json\/wp\/v2\/posts\/13887\/revisions"}],"predecessor-version":[{"id":13888,"href":"https:\/\/arquivosfutebolbrasil.com.br\/blog\/wp-json\/wp\/v2\/posts\/13887\/revisions\/13888"}],"wp:attachment":[{"href":"https:\/\/arquivosfutebolbrasil.com.br\/blog\/wp-json\/wp\/v2\/media?parent=13887"}],"wp:term":[{"taxonomy":"category","embeddable":true,"href":"https:\/\/arquivosfutebolbrasil.com.br\/blog\/wp-json\/wp\/v2\/categories?post=13887"},{"taxonomy":"post_tag","embeddable":true,"href":"https:\/\/arquivosfutebolbrasil.com.br\/blog\/wp-json\/wp\/v2\/tags?post=13887"}],"curies":[{"name":"wp","href":"https:\/\/api.w.org\/{rel}","templated":true}]}}