{"id":13753,"date":"2020-07-26T10:41:34","date_gmt":"2020-07-26T13:41:34","guid":{"rendered":"https:\/\/arquivosfutebolbrasil.com.br\/blog\/?p=13753"},"modified":"2020-07-26T10:41:36","modified_gmt":"2020-07-26T13:41:36","slug":"foto-historica-esporte-clube-macapa-macapa-ap-1968","status":"publish","type":"post","link":"https:\/\/arquivosfutebolbrasil.com.br\/blog\/2020\/07\/26\/foto-historica-esporte-clube-macapa-macapa-ap-1968\/","title":{"rendered":"Foto Hist\u00f3rica &#8211; Esporte Clube Macap\u00e1 (Macap\u00e1 &#8211; AP) &#8211; 1968"},"content":{"rendered":"\n<div class=\"wp-block-image\"><figure class=\"aligncenter is-resized\"><img loading=\"lazy\" decoding=\"async\" src=\"https:\/\/scontent.fssz1-1.fna.fbcdn.net\/v\/t1.0-9\/106400632_701552250643410_5702591978708934733_o.jpg?_nc_cat=106&amp;_nc_sid=ca434c&amp;_nc_ohc=leOIvgJTqJsAX96VAKg&amp;_nc_ht=scontent.fssz1-1.fna&amp;oh=1d9e0f75c07ec188585ac88f198bcfef&amp;oe=5F42F880\" alt=\"A imagem pode conter: 6 pessoas\" width=\"602\" height=\"398\"\/><figcaption>Fonte: Franselmo George<\/figcaption><\/figure><\/div>\n\r\n","protected":false},"excerpt":{"rendered":"","protected":false},"author":2,"featured_media":0,"comment_status":"open","ping_status":"open","sticky":false,"template":"","format":"standard","meta":{"footnotes":""},"categories":[4,54],"tags":[],"class_list":["post-13753","post","type-post","status-publish","format-standard","hentry","category-amapa","category-fotos-historicas"],"_links":{"self":[{"href":"https:\/\/arquivosfutebolbrasil.com.br\/blog\/wp-json\/wp\/v2\/posts\/13753"}],"collection":[{"href":"https:\/\/arquivosfutebolbrasil.com.br\/blog\/wp-json\/wp\/v2\/posts"}],"about":[{"href":"https:\/\/arquivosfutebolbrasil.com.br\/blog\/wp-json\/wp\/v2\/types\/post"}],"author":[{"embeddable":true,"href":"https:\/\/arquivosfutebolbrasil.com.br\/blog\/wp-json\/wp\/v2\/users\/2"}],"replies":[{"embeddable":true,"href":"https:\/\/arquivosfutebolbrasil.com.br\/blog\/wp-json\/wp\/v2\/comments?post=13753"}],"version-history":[{"count":1,"href":"https:\/\/arquivosfutebolbrasil.com.br\/blog\/wp-json\/wp\/v2\/posts\/13753\/revisions"}],"predecessor-version":[{"id":13754,"href":"https:\/\/arquivosfutebolbrasil.com.br\/blog\/wp-json\/wp\/v2\/posts\/13753\/revisions\/13754"}],"wp:attachment":[{"href":"https:\/\/arquivosfutebolbrasil.com.br\/blog\/wp-json\/wp\/v2\/media?parent=13753"}],"wp:term":[{"taxonomy":"category","embeddable":true,"href":"https:\/\/arquivosfutebolbrasil.com.br\/blog\/wp-json\/wp\/v2\/categories?post=13753"},{"taxonomy":"post_tag","embeddable":true,"href":"https:\/\/arquivosfutebolbrasil.com.br\/blog\/wp-json\/wp\/v2\/tags?post=13753"}],"curies":[{"name":"wp","href":"https:\/\/api.w.org\/{rel}","templated":true}]}}