{"id":13639,"date":"2020-07-13T19:11:26","date_gmt":"2020-07-13T22:11:26","guid":{"rendered":"https:\/\/arquivosfutebolbrasil.com.br\/blog\/?p=13639"},"modified":"2020-07-13T19:11:28","modified_gmt":"2020-07-13T22:11:28","slug":"esporte-clube-costeira-niteroi-rj-temporada-de-1973","status":"publish","type":"post","link":"https:\/\/arquivosfutebolbrasil.com.br\/blog\/2020\/07\/13\/esporte-clube-costeira-niteroi-rj-temporada-de-1973\/","title":{"rendered":"Esporte Clube Costeira (Niter\u00f3i &#8211; RJ) \u2013 Temporada de 1973"},"content":{"rendered":"\n<div class=\"wp-block-image\"><figure class=\"aligncenter size-large\"><img loading=\"lazy\" decoding=\"async\" width=\"164\" height=\"168\" src=\"https:\/\/arquivosfutebolbrasil.com.br\/blog\/wp-content\/uploads\/2020\/05\/image-12.png\" alt=\"\" class=\"wp-image-10914\"\/><\/figure><\/div>\n\n\n\n<p><strong>Copa IV Centen\u00e1rio de Niter\u00f3i<\/strong><\/p>\n\n\n\n<p>12.05.1973<br>Costeira 3&#215;0 Atl\u00e9tico (Niter\u00f3i &#8211; RJ), em Niter\u00f3i &#8211; RJ<br>19.05.1973<br>Costeira 0x1 Espanhol (Niter\u00f3i &#8211; RJ), em Niter\u00f3i &#8211; RJ<br>02.06.1973<br>Costeira 1&#215;3 Flamenguinho (Niter\u00f3i &#8211; RJ), em Niter\u00f3i &#8211; RJ<br>10.06.1973<br>Costeira 1&#215;1 Manufatora (Niter\u00f3i &#8211; RJ), em Niter\u00f3i &#8211; RJ<br>23.06.1973<br>Costeira 0x0 Tiradentes (Niter\u00f3i &#8211; RJ), em Niter\u00f3i &#8211; RJ<br>01.07.1973<br>Costeira 2&#215;2 Agra (Niter\u00f3i &#8211; RJ), em Niter\u00f3i &#8211; RJ<br>15.07.1973<br>Costeira 1&#215;0 S\u00e3o Domingos (Niter\u00f3i &#8211; RJ), em Niter\u00f3i &#8211; RJ<br>22.07.1973<br>Costeira 1&#215;0 Fluminense (Niter\u00f3i &#8211; RJ), em Niter\u00f3i &#8211; RJ<br>05.08.1973<br>Costeira 3&#215;0 Canto do Rio (Niter\u00f3i &#8211; RJ), em Niter\u00f3i &#8211; RJ<br>18.08.1973<br>Costeira 1&#215;1 Cruzeiro (Niter\u00f3i &#8211; RJ), em Niter\u00f3i &#8211; RJ<br>26.08.1973<br>Costeira 2&#215;0 Paulistano (Niter\u00f3i &#8211; RJ), em Niter\u00f3i &#8211; RJ<\/p>\n\n\n\n<p><strong>Amistosos Nacionais<\/strong><\/p>\n\n\n\n<p>08.04.1973<br>Costeira 0x0 Espanhol (Niter\u00f3i &#8211; RJ), em Niter\u00f3i &#8211; RJ<br>01.05.1973<br>Costeira 4&#215;0 Alcalis (Cabo Frio &#8211; RJ), em Cabo Frio &#8211; RJ<br>08.07.1973<br>Costeira 3&#215;1 Cantagalo (Cantagalo &#8211; RJ), em Cantagalo &#8211; RJ<br>15.08.1973<br>Costeira 1&#215;0 Maric\u00e1 (Maric\u00e1 &#8211; RJ), em Maric\u00e1 &#8211; RJ<br>11.10.1973<br>Costeira 3&#215;1 Sele\u00e7\u00e3o de S\u00e3o Gon\u00e7alo (S\u00e3o Gon\u00e7alo &#8211; RJ), em Niter\u00f3i &#8211; RJ<\/p>\n\n\n\n<p>Fonte: Arquivos do Autor<\/p>\n\r\n","protected":false},"excerpt":{"rendered":"<p>Copa IV Centen\u00e1rio de Niter\u00f3i 12.05.1973Costeira 3&#215;0 Atl\u00e9tico (Niter\u00f3i &#8211; RJ), em Niter\u00f3i &#8211; RJ19.05.1973Costeira 0x1 Espanhol (Niter\u00f3i &#8211; RJ), em Niter\u00f3i &#8211; RJ02.06.1973Costeira 1&#215;3 Flamenguinho (Niter\u00f3i &#8211; RJ), em Niter\u00f3i &#8211; RJ10.06.1973Costeira 1&#215;1 Manufatora (Niter\u00f3i &#8211; RJ), em Niter\u00f3i &#8211; RJ23.06.1973Costeira 0x0 Tiradentes (Niter\u00f3i &#8211; RJ), em Niter\u00f3i &#8211; RJ01.07.1973Costeira 2&#215;2 Agra (Niter\u00f3i &#8211; [&hellip;]<\/p>\n","protected":false},"author":2,"featured_media":0,"comment_status":"open","ping_status":"open","sticky":false,"template":"","format":"standard","meta":{"footnotes":""},"categories":[48,46,47,30,57],"tags":[],"class_list":["post-13639","post","type-post","status-publish","format-standard","hentry","category-campeonatos-historicos","category-jogos-amistosos-nacionais","category-jogos-historicos","category-rio-de-janeiro-antigo-estado","category-temporadas"],"_links":{"self":[{"href":"https:\/\/arquivosfutebolbrasil.com.br\/blog\/wp-json\/wp\/v2\/posts\/13639"}],"collection":[{"href":"https:\/\/arquivosfutebolbrasil.com.br\/blog\/wp-json\/wp\/v2\/posts"}],"about":[{"href":"https:\/\/arquivosfutebolbrasil.com.br\/blog\/wp-json\/wp\/v2\/types\/post"}],"author":[{"embeddable":true,"href":"https:\/\/arquivosfutebolbrasil.com.br\/blog\/wp-json\/wp\/v2\/users\/2"}],"replies":[{"embeddable":true,"href":"https:\/\/arquivosfutebolbrasil.com.br\/blog\/wp-json\/wp\/v2\/comments?post=13639"}],"version-history":[{"count":1,"href":"https:\/\/arquivosfutebolbrasil.com.br\/blog\/wp-json\/wp\/v2\/posts\/13639\/revisions"}],"predecessor-version":[{"id":13640,"href":"https:\/\/arquivosfutebolbrasil.com.br\/blog\/wp-json\/wp\/v2\/posts\/13639\/revisions\/13640"}],"wp:attachment":[{"href":"https:\/\/arquivosfutebolbrasil.com.br\/blog\/wp-json\/wp\/v2\/media?parent=13639"}],"wp:term":[{"taxonomy":"category","embeddable":true,"href":"https:\/\/arquivosfutebolbrasil.com.br\/blog\/wp-json\/wp\/v2\/categories?post=13639"},{"taxonomy":"post_tag","embeddable":true,"href":"https:\/\/arquivosfutebolbrasil.com.br\/blog\/wp-json\/wp\/v2\/tags?post=13639"}],"curies":[{"name":"wp","href":"https:\/\/api.w.org\/{rel}","templated":true}]}}