{"id":13459,"date":"2020-07-10T16:02:00","date_gmt":"2020-07-10T19:02:00","guid":{"rendered":"https:\/\/arquivosfutebolbrasil.com.br\/blog\/?p=13459"},"modified":"2020-07-09T16:03:02","modified_gmt":"2020-07-09T19:03:02","slug":"foto-historica-clube-atletico-juventus-sao-paulo-sp-1967","status":"publish","type":"post","link":"https:\/\/arquivosfutebolbrasil.com.br\/blog\/2020\/07\/10\/foto-historica-clube-atletico-juventus-sao-paulo-sp-1967\/","title":{"rendered":"Foto Hist\u00f3rica &#8211; Clube Atl\u00e9tico Juventus (S\u00e3o Paulo &#8211; SP) &#8211; 1967"},"content":{"rendered":"\n<div class=\"wp-block-image\"><figure class=\"aligncenter size-large\"><img loading=\"lazy\" decoding=\"async\" width=\"499\" height=\"364\" src=\"https:\/\/arquivosfutebolbrasil.com.br\/blog\/wp-content\/uploads\/2020\/07\/image-19.png\" alt=\"\" class=\"wp-image-13460\" srcset=\"https:\/\/arquivosfutebolbrasil.com.br\/blog\/wp-content\/uploads\/2020\/07\/image-19.png 499w, https:\/\/arquivosfutebolbrasil.com.br\/blog\/wp-content\/uploads\/2020\/07\/image-19-300x219.png 300w\" sizes=\"(max-width: 499px) 100vw, 499px\" \/><figcaption>Fonte: Arquivos do Autor<\/figcaption><\/figure><\/div>\n\r\n","protected":false},"excerpt":{"rendered":"","protected":false},"author":2,"featured_media":0,"comment_status":"open","ping_status":"open","sticky":false,"template":"","format":"standard","meta":{"footnotes":""},"categories":[54,35],"tags":[],"class_list":["post-13459","post","type-post","status-publish","format-standard","hentry","category-fotos-historicas","category-sao-paulo"],"_links":{"self":[{"href":"https:\/\/arquivosfutebolbrasil.com.br\/blog\/wp-json\/wp\/v2\/posts\/13459"}],"collection":[{"href":"https:\/\/arquivosfutebolbrasil.com.br\/blog\/wp-json\/wp\/v2\/posts"}],"about":[{"href":"https:\/\/arquivosfutebolbrasil.com.br\/blog\/wp-json\/wp\/v2\/types\/post"}],"author":[{"embeddable":true,"href":"https:\/\/arquivosfutebolbrasil.com.br\/blog\/wp-json\/wp\/v2\/users\/2"}],"replies":[{"embeddable":true,"href":"https:\/\/arquivosfutebolbrasil.com.br\/blog\/wp-json\/wp\/v2\/comments?post=13459"}],"version-history":[{"count":1,"href":"https:\/\/arquivosfutebolbrasil.com.br\/blog\/wp-json\/wp\/v2\/posts\/13459\/revisions"}],"predecessor-version":[{"id":13461,"href":"https:\/\/arquivosfutebolbrasil.com.br\/blog\/wp-json\/wp\/v2\/posts\/13459\/revisions\/13461"}],"wp:attachment":[{"href":"https:\/\/arquivosfutebolbrasil.com.br\/blog\/wp-json\/wp\/v2\/media?parent=13459"}],"wp:term":[{"taxonomy":"category","embeddable":true,"href":"https:\/\/arquivosfutebolbrasil.com.br\/blog\/wp-json\/wp\/v2\/categories?post=13459"},{"taxonomy":"post_tag","embeddable":true,"href":"https:\/\/arquivosfutebolbrasil.com.br\/blog\/wp-json\/wp\/v2\/tags?post=13459"}],"curies":[{"name":"wp","href":"https:\/\/api.w.org\/{rel}","templated":true}]}}