{"id":1234,"date":"2019-11-07T11:44:22","date_gmt":"2019-11-07T14:44:22","guid":{"rendered":"https:\/\/arquivosfutebolbrasil.com.br\/blog\/?p=1234"},"modified":"2019-11-07T11:44:23","modified_gmt":"2019-11-07T14:44:23","slug":"hino-da-associacao-desportiva-confianca-aracaju-se","status":"publish","type":"post","link":"https:\/\/arquivosfutebolbrasil.com.br\/blog\/2019\/11\/07\/hino-da-associacao-desportiva-confianca-aracaju-se\/","title":{"rendered":"Hino da Associa\u00e7\u00e3o Desportiva Confian\u00e7a (Aracaju &#8211; SE)"},"content":{"rendered":"\n<figure class=\"wp-block-image is-resized\"><img loading=\"lazy\" decoding=\"async\" src=\"https:\/\/arquivosfutebolbrasil.com.br\/blog\/wp-content\/uploads\/2019\/11\/2-192.jpg\" alt=\"\" class=\"wp-image-1235\" width=\"615\" height=\"344\" srcset=\"https:\/\/arquivosfutebolbrasil.com.br\/blog\/wp-content\/uploads\/2019\/11\/2-192.jpg 952w, https:\/\/arquivosfutebolbrasil.com.br\/blog\/wp-content\/uploads\/2019\/11\/2-192-300x168.jpg 300w, https:\/\/arquivosfutebolbrasil.com.br\/blog\/wp-content\/uploads\/2019\/11\/2-192-768x431.jpg 768w\" sizes=\"(max-width: 615px) 100vw, 615px\" \/><figcaption>Fonte: youtube<\/figcaption><\/figure>\n\r\n","protected":false},"excerpt":{"rendered":"","protected":false},"author":2,"featured_media":0,"comment_status":"open","ping_status":"open","sticky":false,"template":"","format":"standard","meta":{"footnotes":""},"categories":[44,37],"tags":[],"class_list":["post-1234","post","type-post","status-publish","format-standard","hentry","category-hinos-de-clubes","category-sergipe"],"_links":{"self":[{"href":"https:\/\/arquivosfutebolbrasil.com.br\/blog\/wp-json\/wp\/v2\/posts\/1234"}],"collection":[{"href":"https:\/\/arquivosfutebolbrasil.com.br\/blog\/wp-json\/wp\/v2\/posts"}],"about":[{"href":"https:\/\/arquivosfutebolbrasil.com.br\/blog\/wp-json\/wp\/v2\/types\/post"}],"author":[{"embeddable":true,"href":"https:\/\/arquivosfutebolbrasil.com.br\/blog\/wp-json\/wp\/v2\/users\/2"}],"replies":[{"embeddable":true,"href":"https:\/\/arquivosfutebolbrasil.com.br\/blog\/wp-json\/wp\/v2\/comments?post=1234"}],"version-history":[{"count":1,"href":"https:\/\/arquivosfutebolbrasil.com.br\/blog\/wp-json\/wp\/v2\/posts\/1234\/revisions"}],"predecessor-version":[{"id":1236,"href":"https:\/\/arquivosfutebolbrasil.com.br\/blog\/wp-json\/wp\/v2\/posts\/1234\/revisions\/1236"}],"wp:attachment":[{"href":"https:\/\/arquivosfutebolbrasil.com.br\/blog\/wp-json\/wp\/v2\/media?parent=1234"}],"wp:term":[{"taxonomy":"category","embeddable":true,"href":"https:\/\/arquivosfutebolbrasil.com.br\/blog\/wp-json\/wp\/v2\/categories?post=1234"},{"taxonomy":"post_tag","embeddable":true,"href":"https:\/\/arquivosfutebolbrasil.com.br\/blog\/wp-json\/wp\/v2\/tags?post=1234"}],"curies":[{"name":"wp","href":"https:\/\/api.w.org\/{rel}","templated":true}]}}