{"id":12176,"date":"2020-05-25T19:31:44","date_gmt":"2020-05-25T22:31:44","guid":{"rendered":"https:\/\/arquivosfutebolbrasil.com.br\/blog\/?p=12176"},"modified":"2020-05-25T19:31:46","modified_gmt":"2020-05-25T22:31:46","slug":"america-futebol-clube-belo-horizonte-mg-campeao-mineiro-de-1957","status":"publish","type":"post","link":"https:\/\/arquivosfutebolbrasil.com.br\/blog\/2020\/05\/25\/america-futebol-clube-belo-horizonte-mg-campeao-mineiro-de-1957\/","title":{"rendered":"Am\u00e9rica Futebol Clube (Belo Horizonte &#8211; MG) &#8211; Campe\u00e3o Mineiro de 1957"},"content":{"rendered":"\n<div class=\"wp-block-image\"><figure class=\"aligncenter size-large\"><img loading=\"lazy\" decoding=\"async\" width=\"615\" height=\"473\" src=\"https:\/\/arquivosfutebolbrasil.com.br\/blog\/wp-content\/uploads\/2020\/05\/image-261.png\" alt=\"\" class=\"wp-image-12177\" srcset=\"https:\/\/arquivosfutebolbrasil.com.br\/blog\/wp-content\/uploads\/2020\/05\/image-261.png 615w, https:\/\/arquivosfutebolbrasil.com.br\/blog\/wp-content\/uploads\/2020\/05\/image-261-300x231.png 300w\" sizes=\"(max-width: 615px) 100vw, 615px\" \/><figcaption>Fonte: ocuriosodofutebol.com.br<\/figcaption><\/figure><\/div>\n\n\n\n<p>30.06.1957<br>Am\u00e9rica 1&#215;1 Democrata (Sete Lagoas), em Belo Horizonte<br>07.07.1957<br>Am\u00e9rica 3&#215;2 Villa Nova (Nova Lima), em Nova Lima<br>14.07.1957<br>Am\u00e9rica 2&#215;2 Meridional (Conselheiro Lafaiete), em Belo Horizonte<br>20.07.1957<br>Am\u00e9rica 2&#215;2 Cruzeiro (Belo Horizonte), em Belo Horizonte<br>28.07.1957<br>Am\u00e9rica 1&#215;1 Metalusina (Bar\u00e3o de Cocais), em Belo Horizonte<br>04.08.1957<br>Am\u00e9rica 0x1 Sider\u00fargica (Sabar\u00e1), em Sabar\u00e1<br>11.08.1957<br>Am\u00e9rica 1&#215;1 Atl\u00e9tico (Belo Horizonte), em Belo Horizonte<br>18.08.1957<br>Am\u00e9rica 2&#215;1 Asas (Lagoa Santa), em Belo Horizonte<br>24.08.1957<br>Am\u00e9rica 3&#215;1 Sete de Setembro (Belo Horizonte), em Belo Horizonte<br>29.09.1957<br>Am\u00e9rica 2&#215;1 Asas (Lagoa Santa), em Lagoa Santa<br>06.10.1957<br>Am\u00e9rica 1&#215;0 Villa Nova (Nova Lima), em Belo Horizonte<br>13.10.1957<br>Am\u00e9rica 6&#215;1 Metalusina (Bar\u00e3o de Cocais), em Bar\u00e3o de Cocais<br>20.10.1957<br>Am\u00e9rica 1&#215;1 Cruzeiro (Belo Horizonte), em Belo Horizonte<br>27.10.1957<br>Am\u00e9rica 3&#215;2 Meridional (Conselheiro Lafaiete), em Conselheiro Lafaiete<br>03.11.1957<br>Am\u00e9rica 2&#215;2 Democrata (Sete Lagoas), em Sete Lagoas<br>10.11.1957<br>Am\u00e9rica 3&#215;0 Sider\u00fargica (Sabar\u00e1), em Belo Horizonte<br>19.11.1957<br>Am\u00e9rica 2&#215;0 Atl\u00e9tico (Belo Horizonte), em Belo Horizonte<br>24.11.1957<br>Am\u00e9rica 5&#215;1 Sete de Setembro (Belo Horizonte), em Belo Horizonte<br>01.12.1957<br>Am\u00e9rica 1&#215;1 Sider\u00fargica (Sabar\u00e1), em Belo Horizonte<br>05.12.1957<br>Am\u00e9rica 1&#215;1 Sider\u00fargica (Sabar\u00e1), em Belo Horizonte<br>15.12.1957<br>Am\u00e9rica 2&#215;0 Sider\u00fargica (Sabar\u00e1), em Belo Horizonte<br>22.12.1957<br>Am\u00e9rica 4&#215;1 Democrata (Sete Lagoas), em Belo Horizonte<br>29.12.1957<br>Am\u00e9rica 1&#215;1 Democrata (Sete Lagoas), em Belo Horizonte<br>05.01.1958<br>Am\u00e9rica 2&#215;2 Democrata (Sete Lagoas), em Belo Horizonte<\/p>\n\n\n\n<p>Fonte: Livro &#8220;Hist\u00f3ria do Campeonato Mineiro 1915 &#8211; 2020&#8221;<\/p>\n\r\n","protected":false},"excerpt":{"rendered":"<p>30.06.1957Am\u00e9rica 1&#215;1 Democrata (Sete Lagoas), em Belo Horizonte07.07.1957Am\u00e9rica 3&#215;2 Villa Nova (Nova Lima), em Nova Lima14.07.1957Am\u00e9rica 2&#215;2 Meridional (Conselheiro Lafaiete), em Belo Horizonte20.07.1957Am\u00e9rica 2&#215;2 Cruzeiro (Belo Horizonte), em Belo Horizonte28.07.1957Am\u00e9rica 1&#215;1 Metalusina (Bar\u00e3o de Cocais), em Belo Horizonte04.08.1957Am\u00e9rica 0x1 Sider\u00fargica (Sabar\u00e1), em Sabar\u00e111.08.1957Am\u00e9rica 1&#215;1 Atl\u00e9tico (Belo Horizonte), em Belo Horizonte18.08.1957Am\u00e9rica 2&#215;1 Asas (Lagoa Santa), em [&hellip;]<\/p>\n","protected":false},"author":2,"featured_media":0,"comment_status":"open","ping_status":"open","sticky":false,"template":"","format":"standard","meta":{"footnotes":""},"categories":[45,48,54,23],"tags":[],"class_list":["post-12176","post","type-post","status-publish","format-standard","hentry","category-campanhas-dos-campeoes","category-campeonatos-historicos","category-fotos-historicas","category-minas-gerais"],"_links":{"self":[{"href":"https:\/\/arquivosfutebolbrasil.com.br\/blog\/wp-json\/wp\/v2\/posts\/12176"}],"collection":[{"href":"https:\/\/arquivosfutebolbrasil.com.br\/blog\/wp-json\/wp\/v2\/posts"}],"about":[{"href":"https:\/\/arquivosfutebolbrasil.com.br\/blog\/wp-json\/wp\/v2\/types\/post"}],"author":[{"embeddable":true,"href":"https:\/\/arquivosfutebolbrasil.com.br\/blog\/wp-json\/wp\/v2\/users\/2"}],"replies":[{"embeddable":true,"href":"https:\/\/arquivosfutebolbrasil.com.br\/blog\/wp-json\/wp\/v2\/comments?post=12176"}],"version-history":[{"count":1,"href":"https:\/\/arquivosfutebolbrasil.com.br\/blog\/wp-json\/wp\/v2\/posts\/12176\/revisions"}],"predecessor-version":[{"id":12178,"href":"https:\/\/arquivosfutebolbrasil.com.br\/blog\/wp-json\/wp\/v2\/posts\/12176\/revisions\/12178"}],"wp:attachment":[{"href":"https:\/\/arquivosfutebolbrasil.com.br\/blog\/wp-json\/wp\/v2\/media?parent=12176"}],"wp:term":[{"taxonomy":"category","embeddable":true,"href":"https:\/\/arquivosfutebolbrasil.com.br\/blog\/wp-json\/wp\/v2\/categories?post=12176"},{"taxonomy":"post_tag","embeddable":true,"href":"https:\/\/arquivosfutebolbrasil.com.br\/blog\/wp-json\/wp\/v2\/tags?post=12176"}],"curies":[{"name":"wp","href":"https:\/\/api.w.org\/{rel}","templated":true}]}}