{"id":12142,"date":"2020-05-21T08:15:28","date_gmt":"2020-05-21T11:15:28","guid":{"rendered":"https:\/\/arquivosfutebolbrasil.com.br\/blog\/?p=12142"},"modified":"2020-05-21T08:15:30","modified_gmt":"2020-05-21T11:15:30","slug":"festival-esportivo-matogrossense-1951","status":"publish","type":"post","link":"https:\/\/arquivosfutebolbrasil.com.br\/blog\/2020\/05\/21\/festival-esportivo-matogrossense-1951\/","title":{"rendered":"Festival Esportivo Matogrossense \u2013 1951"},"content":{"rendered":"\n<p>Data: 24 de Maio de 1951<br>Local: Col\u00e9gio Estadual, em Cuiab\u00e1 &#8211; MT<br>Para aux\u00edlio das obras do Pal\u00e1cio Arquidiocesano de Cuiab\u00e1<\/p>\n\n\n\n<p>1\u00ba Jogo &#8211; Mixto 1&#215;0 Dom Bosco<br>2\u00ba Jogo &#8211; Atl\u00e9tico 1&#215;0 Americano<br>Final &#8211; Mixto 6&#215;1 Atl\u00e9tico<\/p>\n\n\n\n<p>Campe\u00e3o &#8211; Mixto Esporte Clube (Cuiab\u00e1 &#8211; MT)<\/p>\n\n\n\n<p>Fonte: Jornal O Estado \/ MT<\/p>\n\r\n","protected":false},"excerpt":{"rendered":"<p>Data: 24 de Maio de 1951Local: Col\u00e9gio Estadual, em Cuiab\u00e1 &#8211; MTPara aux\u00edlio das obras do Pal\u00e1cio Arquidiocesano de Cuiab\u00e1 1\u00ba Jogo &#8211; Mixto 1&#215;0 Dom Bosco2\u00ba Jogo &#8211; Atl\u00e9tico 1&#215;0 AmericanoFinal &#8211; Mixto 6&#215;1 Atl\u00e9tico Campe\u00e3o &#8211; Mixto Esporte Clube (Cuiab\u00e1 &#8211; MT) Fonte: Jornal O Estado \/ MT<\/p>\n","protected":false},"author":2,"featured_media":0,"comment_status":"open","ping_status":"open","sticky":false,"template":"","format":"standard","meta":{"footnotes":""},"categories":[48,47,21],"tags":[],"class_list":["post-12142","post","type-post","status-publish","format-standard","hentry","category-campeonatos-historicos","category-jogos-historicos","category-mato-grosso"],"_links":{"self":[{"href":"https:\/\/arquivosfutebolbrasil.com.br\/blog\/wp-json\/wp\/v2\/posts\/12142"}],"collection":[{"href":"https:\/\/arquivosfutebolbrasil.com.br\/blog\/wp-json\/wp\/v2\/posts"}],"about":[{"href":"https:\/\/arquivosfutebolbrasil.com.br\/blog\/wp-json\/wp\/v2\/types\/post"}],"author":[{"embeddable":true,"href":"https:\/\/arquivosfutebolbrasil.com.br\/blog\/wp-json\/wp\/v2\/users\/2"}],"replies":[{"embeddable":true,"href":"https:\/\/arquivosfutebolbrasil.com.br\/blog\/wp-json\/wp\/v2\/comments?post=12142"}],"version-history":[{"count":1,"href":"https:\/\/arquivosfutebolbrasil.com.br\/blog\/wp-json\/wp\/v2\/posts\/12142\/revisions"}],"predecessor-version":[{"id":12143,"href":"https:\/\/arquivosfutebolbrasil.com.br\/blog\/wp-json\/wp\/v2\/posts\/12142\/revisions\/12143"}],"wp:attachment":[{"href":"https:\/\/arquivosfutebolbrasil.com.br\/blog\/wp-json\/wp\/v2\/media?parent=12142"}],"wp:term":[{"taxonomy":"category","embeddable":true,"href":"https:\/\/arquivosfutebolbrasil.com.br\/blog\/wp-json\/wp\/v2\/categories?post=12142"},{"taxonomy":"post_tag","embeddable":true,"href":"https:\/\/arquivosfutebolbrasil.com.br\/blog\/wp-json\/wp\/v2\/tags?post=12142"}],"curies":[{"name":"wp","href":"https:\/\/api.w.org\/{rel}","templated":true}]}}