{"id":12094,"date":"2020-05-20T09:38:00","date_gmt":"2020-05-20T12:38:00","guid":{"rendered":"https:\/\/arquivosfutebolbrasil.com.br\/blog\/?p=12094"},"modified":"2020-05-19T21:39:38","modified_gmt":"2020-05-20T00:39:38","slug":"torneio-inicio-carioca-departamento-autonomo-1949","status":"publish","type":"post","link":"https:\/\/arquivosfutebolbrasil.com.br\/blog\/2020\/05\/20\/torneio-inicio-carioca-departamento-autonomo-1949\/","title":{"rendered":"Torneio In\u00edcio Carioca \u2013 Departamento Aut\u00f4nomo \u2013 1949"},"content":{"rendered":"\n<p><strong>Zona Urbana<\/strong><\/p>\n\n\n\n<p>Data: 04 de setembro de 1949<br>Local: Campo da Portuguesa, no Rio de Janeiro &#8211; RJ<\/p>\n\n\n\n<p>1\u00ba Jogo &#8211; Nova Am\u00e9rica 1&#215;0 Confian\u00e7a<br>2\u00ba Jogo &#8211; Benfica 1&#215;0 Clube Dos Cariocas<br>3\u00ba Jogo &#8211; Cacique 2&#215;1 Del Castilho<br>4\u00ba Jogo &#8211; Portuguesa 2&#215;0 Sampaio<br>5\u00ba Jogo &#8211; Nova Am\u00e9rica 1&#215;0 Andara\u00ed<br>6\u00ba Jogo &#8211; Cacique 1&#215;0 Benfica<br>7\u00ba Jogo &#8211; Portuguesa 1&#215;0 Nova Am\u00e9rica<br>8\u00ba Jogo &#8211; Portuguesa 2&#215;1 Cacique<\/p>\n\n\n\n<p><strong>Zona Rural<\/strong><\/p>\n\n\n\n<p>Data: 04 de setembro de 1949<br>Local: Campo do Campo Grande, no Rio de Janeiro &#8211; RJ<\/p>\n\n\n\n<p>1\u00ba Jogo &#8211; Campo Grande W0x0 Oriente<br>2\u00ba Jogo &#8211; Oity 0x0 Guanabara (3&#215;0 pen)<br>3\u00ba Jogo &#8211; Rosita Sofia 0x0 Kosmos (3&#215;0 pen)<br>4\u00ba Jogo &#8211; Realengo 0x0 Corinthians (2&#215;1 pen)<br>5\u00ba Jogo &#8211; Distinta 0x0 Cruzeiro (3&#215;0 pen)<br>6\u00ba Jogo &#8211; Campo Grande 1&#215;0 Oity<br>7\u00ba Jogo &#8211; Rosita Sofia 1&#215;0 Realengo<br>8\u00ba Jogo &#8211; Distinta 0x0 Campo Grande (3&#215;0 pen)<br>9\u00ba Jogo &#8211; Rosita Sofia 2&#215;1 Distinta<\/p>\n\n\n\n<p><strong>Zona Suburbana<\/strong><\/p>\n\n\n\n<p>Data: 04 de setembro de 1949<br>Local: Campo do Manufatura, no Rio de Janeiro &#8211; RJ<\/p>\n\n\n\n<p>1\u00ba Jogo &#8211; Manufatura 2&#215;0 Valim<br>2\u00ba Jogo &#8211; Uni\u00e3o 0x0 Iraj\u00e1 (2&#215;1 pen)<br>3\u00ba Jogo &#8211; S\u00e3o Jos\u00e9 1&#215;0 Anchieta<br>4\u00ba Jogo &#8211; Engenho de Dentro 0x0 Progresso (2&#215;1 pen)<br>5\u00ba Jogo &#8211; Uni\u00e3o 0x0 Manufatura (2&#215;0 pen)<br>6\u00ba Jogo &#8211; S\u00e3o Jos\u00e9 0x0 Engenho de Dentro (2&#215;1 pen)<br>7\u00ba Jogo &#8211; S\u00e3o Jos\u00e9 4&#215;1 Uni\u00e3o<\/p>\n\n\n\n<p><strong>Fase Final<\/strong><\/p>\n\n\n\n<p>Data: 07 de setembro de 1949<br>Local: Campo do Benfica, no Rio de Janeiro &#8211; RJ<\/p>\n\n\n\n<p>1\u00ba Jogo &#8211; Portuguesa 0x0 Rosita Sofia (3&#215;0 Pen)<br>Final &#8211; Portuguesa 3&#215;1 S\u00e3o Jos\u00e9<\/p>\n\n\n\n<p>Campe\u00e3 &#8211; Associa\u00e7\u00e3o Atl\u00e9tica Portuguesa (Rio de Janeiro &#8211; RJ)<\/p>\n\n\n\n<p>Fonte: Jornal dos Sports<\/p>\n\r\n","protected":false},"excerpt":{"rendered":"<p>Zona Urbana Data: 04 de setembro de 1949Local: Campo da Portuguesa, no Rio de Janeiro &#8211; RJ 1\u00ba Jogo &#8211; Nova Am\u00e9rica 1&#215;0 Confian\u00e7a2\u00ba Jogo &#8211; Benfica 1&#215;0 Clube Dos Cariocas3\u00ba Jogo &#8211; Cacique 2&#215;1 Del Castilho4\u00ba Jogo &#8211; Portuguesa 2&#215;0 Sampaio5\u00ba Jogo &#8211; Nova Am\u00e9rica 1&#215;0 Andara\u00ed6\u00ba Jogo &#8211; Cacique 1&#215;0 Benfica7\u00ba Jogo &#8211; [&hellip;]<\/p>\n","protected":false},"author":2,"featured_media":0,"comment_status":"open","ping_status":"open","sticky":false,"template":"","format":"standard","meta":{"footnotes":""},"categories":[48,49,29],"tags":[],"class_list":["post-12094","post","type-post","status-publish","format-standard","hentry","category-campeonatos-historicos","category-futebol-amador-varzeano","category-rio-de-janeiro"],"_links":{"self":[{"href":"https:\/\/arquivosfutebolbrasil.com.br\/blog\/wp-json\/wp\/v2\/posts\/12094"}],"collection":[{"href":"https:\/\/arquivosfutebolbrasil.com.br\/blog\/wp-json\/wp\/v2\/posts"}],"about":[{"href":"https:\/\/arquivosfutebolbrasil.com.br\/blog\/wp-json\/wp\/v2\/types\/post"}],"author":[{"embeddable":true,"href":"https:\/\/arquivosfutebolbrasil.com.br\/blog\/wp-json\/wp\/v2\/users\/2"}],"replies":[{"embeddable":true,"href":"https:\/\/arquivosfutebolbrasil.com.br\/blog\/wp-json\/wp\/v2\/comments?post=12094"}],"version-history":[{"count":1,"href":"https:\/\/arquivosfutebolbrasil.com.br\/blog\/wp-json\/wp\/v2\/posts\/12094\/revisions"}],"predecessor-version":[{"id":12095,"href":"https:\/\/arquivosfutebolbrasil.com.br\/blog\/wp-json\/wp\/v2\/posts\/12094\/revisions\/12095"}],"wp:attachment":[{"href":"https:\/\/arquivosfutebolbrasil.com.br\/blog\/wp-json\/wp\/v2\/media?parent=12094"}],"wp:term":[{"taxonomy":"category","embeddable":true,"href":"https:\/\/arquivosfutebolbrasil.com.br\/blog\/wp-json\/wp\/v2\/categories?post=12094"},{"taxonomy":"post_tag","embeddable":true,"href":"https:\/\/arquivosfutebolbrasil.com.br\/blog\/wp-json\/wp\/v2\/tags?post=12094"}],"curies":[{"name":"wp","href":"https:\/\/api.w.org\/{rel}","templated":true}]}}