{"id":11526,"date":"2020-05-08T18:18:20","date_gmt":"2020-05-08T21:18:20","guid":{"rendered":"https:\/\/arquivosfutebolbrasil.com.br\/blog\/?p=11526"},"modified":"2020-05-08T18:18:20","modified_gmt":"2020-05-08T21:18:20","slug":"campeonato-matogrossense-2a-divisao-1990","status":"publish","type":"post","link":"https:\/\/arquivosfutebolbrasil.com.br\/blog\/2020\/05\/08\/campeonato-matogrossense-2a-divisao-1990\/","title":{"rendered":"Campeonato Matogrossense &#8211; 2\u00aa Divis\u00e3o \u2013 1990"},"content":{"rendered":"\n<p><strong>Equipes Participantes:<\/strong><\/p>\n\n\n\n<p>Clube Atl\u00e9tico Diamantinense (Diamantino)<br>Clube Atl\u00e9tico Matogrossense (Cuiab\u00e1)<br>Gr\u00eamio Esportivo Jaciarense (Jaciara)<br>Presidente Esporte Clube (Tangar\u00e1 da Serra)<br>Sociedade Esportiva e Recreativa Juventude (Primavera do Leste)<br>Sociedade Esportiva Palmeiras (Barra do Bugres)<br>Sociedade Esportiva Pe\u00f1arol (Nobres)<br>Tremend\u00e3o Futebol Clube (C\u00e1ceres)<br>Vila Nova Sport Club (Alto Paraguai)<\/p>\n\n\n\n<p><strong>Grupo A<\/strong><\/p>\n\n\n\n<p><strong>1\u00ba Turno<\/strong><\/p>\n\n\n\n<p>26.08<br>Tremend\u00e3o 3&#215;1 Atl\u00e9tico<br>26.08<br>Gr\u00eamio Jaciarense 1&#215;2 Juventude<br>02.09<br>Juventude 1&#215;0 Tremend\u00e3o<br>07.09<br>Atl\u00e9tico 2&#215;1 Juventude<br>09.09<br>Tremend\u00e3o 2&#215;3 Gr\u00eamio Jaciarense<br>16.09<br>Atl\u00e9tico 2&#215;1 Gr\u00eamio Jaciarense<\/p>\n\n\n\n<pre class=\"wp-block-code\"><code>        J   V   E   D   GP  GC  PG<\/code><\/pre>\n\n\n\n<p>01\u00ba Juventude 03 02 00 01 04 03 04<br>02\u00ba Atl\u00e9tico 03 02 00 01 05 05 04<br>03\u00ba Tremend\u00e3o 03 01 00 02 05 05 02<br>04\u00ba Gr\u00eamio Jaciarense 03 01 00 02 05 06 02<\/p>\n\n\n\n<p><strong>2\u00ba Turno<\/strong><\/p>\n\n\n\n<p>22.09<br>Atl\u00e9tico 2&#215;0 Tremend\u00e3o<br>23.09<br>Juventude 2&#215;1 Gr\u00eamio Jaciarense<br>30.09<br>Gr\u00eamio Jaciarense 1&#215;0 Atl\u00e9tico<br>07.10<br>Tremend\u00e3o 0x0 Juventude<br>14.10<br>Juventude 0x1 Atl\u00e9tico<br>21.10<br>Gr\u00eamio Jaciarense 4&#215;0 Tremend\u00e3o<\/p>\n\n\n\n<pre class=\"wp-block-code\"><code>        J   V   E   D   GP  GC  PG<\/code><\/pre>\n\n\n\n<p>01\u00ba Gr\u00eamio Jaciarense 03 02 00 01 06 02 04<br>02\u00ba Atl\u00e9tico 03 02 00 01 03 01 04<br>03\u00ba Juventude 03 01 01 01 02 02 03<br>04\u00ba Tremend\u00e3o 03 00 01 02 00 06 01<\/p>\n\n\n\n<p><strong>Grupo B<\/strong><\/p>\n\n\n\n<p><strong>1\u00ba Turno<\/strong><\/p>\n\n\n\n<p>19.08<br>Pe\u00f1arol 1&#215;1 Palmeiras<br>19.08<br>Presidente 2&#215;0 Vila Nova<br>26.08<br>Diamantinense 0x2 Presidente<br>26.08<br>Vila Nova 1&#215;0 Pe\u00f1arol<br>02.09<br>Palmeiras 1&#215;0 Diamantinense<br>02.09<br>Pe\u00f1arol 1&#215;1 Presidente<br>07.09<br>Presidente 2&#215;0 Palmeiras<br>09.09<br>Palmeiras 4&#215;2 Vila Nova<br>09.09<br>Diamantinense 3&#215;1 Pe\u00f1arol<br>16.09<br>Vila Nova 1&#215;0 Diamantinense<\/p>\n\n\n\n<pre class=\"wp-block-code\"><code>        J   V   E   D   GP  GC  PG<\/code><\/pre>\n\n\n\n<p>01\u00ba Presidente 04 03 01 00 07 01 07<br>02\u00ba Palmeiras 04 02 01 01 06 05 05<br>03\u00ba Vila Nova 04 02 00 02 04 06 04<br>04\u00ba Diamantinense 04 01 00 03 03 05 02<br>05\u00ba Pe\u00f1arol 04 00 02 02 03 06 02<\/p>\n\n\n\n<p><strong>2\u00ba Turno<\/strong><\/p>\n\n\n\n<p>23.09<br>Vila Nova 1&#215;0 Presidente<br>23.09<br>Palmeiras 2&#215;1 Pe\u00f1arol<br>30.09<br>Presidente 3&#215;2 Diamantinense<br>30.09<br>Pe\u00f1arol 1&#215;4 Vila Nova<br>07.10<br>Diamantinense 4&#215;0 Palmeiras<br>07.10<br>Pe\u00f1arol 1&#215;12 Presidente<br>14.10<br>Palmeiras 1&#215;2 Presidente<br>14.10<br>Diamantinense 1&#215;3 Vila Nova<br>21.10<br>Vila Nova 10&#215;0 Palmeiras<br>21.10<br>Pe\u00f1arol 4&#215;1 Diamantinense<\/p>\n\n\n\n<pre class=\"wp-block-code\"><code>        J   V   E   D   GP  GC  PG<\/code><\/pre>\n\n\n\n<p>01\u00ba Vila Nova 04 04 00 00 18 02 08<br>02\u00ba Presidente 04 03 00 01 17 05 06<br>03\u00ba Diamantinense 04 01 00 03 08 10 02<br>04\u00ba Palmeiras 04 01 00 03 03 17 02<br>05\u00ba Pe\u00f1arol 04 01 00 03 07 19 02<\/p>\n\n\n\n<p><strong>Fase Final<\/strong><\/p>\n\n\n\n<p>28.10<br>Juventude 3&#215;0 Gr\u00eamio Jaciarense<br>28.10<br>Presidente 1&#215;0 Vila Nova<br>04.11<br>Gr\u00eamio Jaciarense 0x1 Presidente<br>04.11<br>Vila Nova 0x0 Juventude<br>11.11<br>Presidente 0x1 Juventude<br>11.11<br>Vila Nova 3&#215;0 Gr\u00eamio Jaciarense<br>15.11<br>Juventude 1&#215;1 Presidente<br>15.11<br>Gr\u00eamio Jaciarense 0x3 Vila Nova<br>18.11<br>Presidente 6&#215;1 Gr\u00eamio Jaciarense<br>18.11<br>Juventude 0x0 Vila Nova<br>25.11<br>Gr\u00eamio Jaciarense 3&#215;2 Juventude<br>25.11<br>Vila Nova 1&#215;1 Presidente<\/p>\n\n\n\n<pre class=\"wp-block-code\"><code>        J   V   E   D   GP  GC  PG<\/code><\/pre>\n\n\n\n<p>01\u00ba Presidente 06 03 01 02 10 04 07<br>02\u00ba Juventude 06 02 03 01 07 04 07<br>03\u00ba Vila Nova 06 02 03 01 06 01 07<br>04\u00ba Gr\u00eamio Jaciarense 06 01 00 05 04 18 02<\/p>\n\n\n\n<p><strong>Final<\/strong><\/p>\n\n\n\n<p>02.12<br>Presidente 0x0 Juventude<br>10.12<br>Juventude 1&#215;0 Presidente<\/p>\n\n\n\n<p>Campe\u00e3 \u2013 Sociedade Esportiva e Recreativa Juventude (Primavera do Leste)<\/p>\n\n\n\n<p>Fonte: Sergio Santos<\/p>\n\r\n","protected":false},"excerpt":{"rendered":"<p>Equipes Participantes: Clube Atl\u00e9tico Diamantinense (Diamantino)Clube Atl\u00e9tico Matogrossense (Cuiab\u00e1)Gr\u00eamio Esportivo Jaciarense (Jaciara)Presidente Esporte Clube (Tangar\u00e1 da Serra)Sociedade Esportiva e Recreativa Juventude (Primavera do Leste)Sociedade Esportiva Palmeiras (Barra do Bugres)Sociedade Esportiva Pe\u00f1arol (Nobres)Tremend\u00e3o Futebol Clube (C\u00e1ceres)Vila Nova Sport Club (Alto Paraguai) Grupo A 1\u00ba Turno 26.08Tremend\u00e3o 3&#215;1 Atl\u00e9tico26.08Gr\u00eamio Jaciarense 1&#215;2 Juventude02.09Juventude 1&#215;0 Tremend\u00e3o07.09Atl\u00e9tico 2&#215;1 Juventude09.09Tremend\u00e3o 2&#215;3 [&hellip;]<\/p>\n","protected":false},"author":2,"featured_media":0,"comment_status":"open","ping_status":"open","sticky":false,"template":"","format":"standard","meta":{"footnotes":""},"categories":[48,21],"tags":[],"class_list":["post-11526","post","type-post","status-publish","format-standard","hentry","category-campeonatos-historicos","category-mato-grosso"],"_links":{"self":[{"href":"https:\/\/arquivosfutebolbrasil.com.br\/blog\/wp-json\/wp\/v2\/posts\/11526"}],"collection":[{"href":"https:\/\/arquivosfutebolbrasil.com.br\/blog\/wp-json\/wp\/v2\/posts"}],"about":[{"href":"https:\/\/arquivosfutebolbrasil.com.br\/blog\/wp-json\/wp\/v2\/types\/post"}],"author":[{"embeddable":true,"href":"https:\/\/arquivosfutebolbrasil.com.br\/blog\/wp-json\/wp\/v2\/users\/2"}],"replies":[{"embeddable":true,"href":"https:\/\/arquivosfutebolbrasil.com.br\/blog\/wp-json\/wp\/v2\/comments?post=11526"}],"version-history":[{"count":1,"href":"https:\/\/arquivosfutebolbrasil.com.br\/blog\/wp-json\/wp\/v2\/posts\/11526\/revisions"}],"predecessor-version":[{"id":11527,"href":"https:\/\/arquivosfutebolbrasil.com.br\/blog\/wp-json\/wp\/v2\/posts\/11526\/revisions\/11527"}],"wp:attachment":[{"href":"https:\/\/arquivosfutebolbrasil.com.br\/blog\/wp-json\/wp\/v2\/media?parent=11526"}],"wp:term":[{"taxonomy":"category","embeddable":true,"href":"https:\/\/arquivosfutebolbrasil.com.br\/blog\/wp-json\/wp\/v2\/categories?post=11526"},{"taxonomy":"post_tag","embeddable":true,"href":"https:\/\/arquivosfutebolbrasil.com.br\/blog\/wp-json\/wp\/v2\/tags?post=11526"}],"curies":[{"name":"wp","href":"https:\/\/api.w.org\/{rel}","templated":true}]}}