{"id":11408,"date":"2020-05-07T13:26:16","date_gmt":"2020-05-07T16:26:16","guid":{"rendered":"https:\/\/arquivosfutebolbrasil.com.br\/blog\/?p=11408"},"modified":"2020-05-07T13:26:16","modified_gmt":"2020-05-07T16:26:16","slug":"clubes-de-sao-paulo-associacao-ferroviaria-de-regente-feijo-regente-feijo","status":"publish","type":"post","link":"https:\/\/arquivosfutebolbrasil.com.br\/blog\/2020\/05\/07\/clubes-de-sao-paulo-associacao-ferroviaria-de-regente-feijo-regente-feijo\/","title":{"rendered":"Clubes de S\u00e3o Paulo &#8211; Associa\u00e7\u00e3o Ferrovi\u00e1ria de Regente Feij\u00f3 (Regente Feij\u00f3)"},"content":{"rendered":"\n<figure class=\"wp-block-image size-large is-resized\"><img loading=\"lazy\" decoding=\"async\" src=\"https:\/\/arquivosfutebolbrasil.com.br\/blog\/wp-content\/uploads\/2020\/05\/image-113.png\" alt=\"\" class=\"wp-image-11409\" width=\"645\" height=\"374\" srcset=\"https:\/\/arquivosfutebolbrasil.com.br\/blog\/wp-content\/uploads\/2020\/05\/image-113.png 603w, https:\/\/arquivosfutebolbrasil.com.br\/blog\/wp-content\/uploads\/2020\/05\/image-113-300x174.png 300w\" sizes=\"(max-width: 645px) 100vw, 645px\" \/><\/figure>\n\r\n","protected":false},"excerpt":{"rendered":"","protected":false},"author":2,"featured_media":0,"comment_status":"open","ping_status":"open","sticky":false,"template":"","format":"standard","meta":{"footnotes":""},"categories":[55,39,35],"tags":[],"class_list":["post-11408","post","type-post","status-publish","format-standard","hentry","category-clubes-de-futebol","category-escudos","category-sao-paulo"],"_links":{"self":[{"href":"https:\/\/arquivosfutebolbrasil.com.br\/blog\/wp-json\/wp\/v2\/posts\/11408"}],"collection":[{"href":"https:\/\/arquivosfutebolbrasil.com.br\/blog\/wp-json\/wp\/v2\/posts"}],"about":[{"href":"https:\/\/arquivosfutebolbrasil.com.br\/blog\/wp-json\/wp\/v2\/types\/post"}],"author":[{"embeddable":true,"href":"https:\/\/arquivosfutebolbrasil.com.br\/blog\/wp-json\/wp\/v2\/users\/2"}],"replies":[{"embeddable":true,"href":"https:\/\/arquivosfutebolbrasil.com.br\/blog\/wp-json\/wp\/v2\/comments?post=11408"}],"version-history":[{"count":1,"href":"https:\/\/arquivosfutebolbrasil.com.br\/blog\/wp-json\/wp\/v2\/posts\/11408\/revisions"}],"predecessor-version":[{"id":11410,"href":"https:\/\/arquivosfutebolbrasil.com.br\/blog\/wp-json\/wp\/v2\/posts\/11408\/revisions\/11410"}],"wp:attachment":[{"href":"https:\/\/arquivosfutebolbrasil.com.br\/blog\/wp-json\/wp\/v2\/media?parent=11408"}],"wp:term":[{"taxonomy":"category","embeddable":true,"href":"https:\/\/arquivosfutebolbrasil.com.br\/blog\/wp-json\/wp\/v2\/categories?post=11408"},{"taxonomy":"post_tag","embeddable":true,"href":"https:\/\/arquivosfutebolbrasil.com.br\/blog\/wp-json\/wp\/v2\/tags?post=11408"}],"curies":[{"name":"wp","href":"https:\/\/api.w.org\/{rel}","templated":true}]}}