{"id":11253,"date":"2020-05-07T06:41:00","date_gmt":"2020-05-07T09:41:00","guid":{"rendered":"https:\/\/arquivosfutebolbrasil.com.br\/blog\/?p=11253"},"modified":"2020-05-05T06:42:20","modified_gmt":"2020-05-05T09:42:20","slug":"torneio-de-vaney-de-futebol-de-praia-de-santos-sp-1971","status":"publish","type":"post","link":"https:\/\/arquivosfutebolbrasil.com.br\/blog\/2020\/05\/07\/torneio-de-vaney-de-futebol-de-praia-de-santos-sp-1971\/","title":{"rendered":"Torneio De Vaney de Futebol de Praia de Santos (SP) \u2013 1971"},"content":{"rendered":"\n<p><strong>Turno \u00danico<\/strong><\/p>\n\n\n\n<p>03.07.1971<br>S\u00edrio Liban\u00eas 4&#215;0 Sambur\u00e1<br>Alvorada 1&#215;1 XI Praianos<br>10.07.1971<br>XI Praianos 1&#215;0 Sambur\u00e1<br>S\u00edrio Liban\u00eas 3&#215;2 Alvorada<br>17.07.1971<br>Alvorada 2&#215;0 Sambur\u00e1<br>S\u00edrio Liban\u00eas 1&#215;0 XI Praianos<\/p>\n\n\n\n<p>Campe\u00e3o \u2013 Clube S\u00edrio Liban\u00eas (Santos \u2013 SP)<\/p>\n\n\n\n<p>Fonte: A Tribuna<\/p>\n\r\n","protected":false},"excerpt":{"rendered":"<p>Turno \u00danico 03.07.1971S\u00edrio Liban\u00eas 4&#215;0 Sambur\u00e1Alvorada 1&#215;1 XI Praianos10.07.1971XI Praianos 1&#215;0 Sambur\u00e1S\u00edrio Liban\u00eas 3&#215;2 Alvorada17.07.1971Alvorada 2&#215;0 Sambur\u00e1S\u00edrio Liban\u00eas 1&#215;0 XI Praianos Campe\u00e3o \u2013 Clube S\u00edrio Liban\u00eas (Santos \u2013 SP) Fonte: A Tribuna<\/p>\n","protected":false},"author":2,"featured_media":0,"comment_status":"open","ping_status":"open","sticky":false,"template":"","format":"standard","meta":{"footnotes":""},"categories":[48,51,35],"tags":[],"class_list":["post-11253","post","type-post","status-publish","format-standard","hentry","category-campeonatos-historicos","category-futebol-de-praia-futsal","category-sao-paulo"],"_links":{"self":[{"href":"https:\/\/arquivosfutebolbrasil.com.br\/blog\/wp-json\/wp\/v2\/posts\/11253"}],"collection":[{"href":"https:\/\/arquivosfutebolbrasil.com.br\/blog\/wp-json\/wp\/v2\/posts"}],"about":[{"href":"https:\/\/arquivosfutebolbrasil.com.br\/blog\/wp-json\/wp\/v2\/types\/post"}],"author":[{"embeddable":true,"href":"https:\/\/arquivosfutebolbrasil.com.br\/blog\/wp-json\/wp\/v2\/users\/2"}],"replies":[{"embeddable":true,"href":"https:\/\/arquivosfutebolbrasil.com.br\/blog\/wp-json\/wp\/v2\/comments?post=11253"}],"version-history":[{"count":1,"href":"https:\/\/arquivosfutebolbrasil.com.br\/blog\/wp-json\/wp\/v2\/posts\/11253\/revisions"}],"predecessor-version":[{"id":11254,"href":"https:\/\/arquivosfutebolbrasil.com.br\/blog\/wp-json\/wp\/v2\/posts\/11253\/revisions\/11254"}],"wp:attachment":[{"href":"https:\/\/arquivosfutebolbrasil.com.br\/blog\/wp-json\/wp\/v2\/media?parent=11253"}],"wp:term":[{"taxonomy":"category","embeddable":true,"href":"https:\/\/arquivosfutebolbrasil.com.br\/blog\/wp-json\/wp\/v2\/categories?post=11253"},{"taxonomy":"post_tag","embeddable":true,"href":"https:\/\/arquivosfutebolbrasil.com.br\/blog\/wp-json\/wp\/v2\/tags?post=11253"}],"curies":[{"name":"wp","href":"https:\/\/api.w.org\/{rel}","templated":true}]}}