{"id":10879,"date":"2020-05-23T08:25:00","date_gmt":"2020-05-23T11:25:00","guid":{"rendered":"https:\/\/arquivosfutebolbrasil.com.br\/blog\/?p=10879"},"modified":"2020-05-02T08:26:21","modified_gmt":"2020-05-02T11:26:21","slug":"foto-historica-associacao-atletica-sao-bento-sao-paulo-sp-1929","status":"publish","type":"post","link":"https:\/\/arquivosfutebolbrasil.com.br\/blog\/2020\/05\/23\/foto-historica-associacao-atletica-sao-bento-sao-paulo-sp-1929\/","title":{"rendered":"Foto Hist\u00f3rica \u2013 Associa\u00e7\u00e3o Atl\u00e9tica S\u00e3o Bento (S\u00e3o Paulo \u2013 SP) \u2013 1929"},"content":{"rendered":"\n<figure class=\"wp-block-image is-resized\"><img loading=\"lazy\" decoding=\"async\" src=\"https:\/\/historiadofutebol.com\/blog\/wp-content\/uploads\/2016\/12\/Imagem-597-500x335.jpg\" alt=\"\" width=\"607\" height=\"407\"\/><figcaption>Fonte: A Tribuna de Santos<\/figcaption><\/figure>\n\r\n","protected":false},"excerpt":{"rendered":"","protected":false},"author":2,"featured_media":0,"comment_status":"open","ping_status":"open","sticky":false,"template":"","format":"standard","meta":{"footnotes":""},"categories":[54,35],"tags":[],"class_list":["post-10879","post","type-post","status-publish","format-standard","hentry","category-fotos-historicas","category-sao-paulo"],"_links":{"self":[{"href":"https:\/\/arquivosfutebolbrasil.com.br\/blog\/wp-json\/wp\/v2\/posts\/10879"}],"collection":[{"href":"https:\/\/arquivosfutebolbrasil.com.br\/blog\/wp-json\/wp\/v2\/posts"}],"about":[{"href":"https:\/\/arquivosfutebolbrasil.com.br\/blog\/wp-json\/wp\/v2\/types\/post"}],"author":[{"embeddable":true,"href":"https:\/\/arquivosfutebolbrasil.com.br\/blog\/wp-json\/wp\/v2\/users\/2"}],"replies":[{"embeddable":true,"href":"https:\/\/arquivosfutebolbrasil.com.br\/blog\/wp-json\/wp\/v2\/comments?post=10879"}],"version-history":[{"count":1,"href":"https:\/\/arquivosfutebolbrasil.com.br\/blog\/wp-json\/wp\/v2\/posts\/10879\/revisions"}],"predecessor-version":[{"id":10880,"href":"https:\/\/arquivosfutebolbrasil.com.br\/blog\/wp-json\/wp\/v2\/posts\/10879\/revisions\/10880"}],"wp:attachment":[{"href":"https:\/\/arquivosfutebolbrasil.com.br\/blog\/wp-json\/wp\/v2\/media?parent=10879"}],"wp:term":[{"taxonomy":"category","embeddable":true,"href":"https:\/\/arquivosfutebolbrasil.com.br\/blog\/wp-json\/wp\/v2\/categories?post=10879"},{"taxonomy":"post_tag","embeddable":true,"href":"https:\/\/arquivosfutebolbrasil.com.br\/blog\/wp-json\/wp\/v2\/tags?post=10879"}],"curies":[{"name":"wp","href":"https:\/\/api.w.org\/{rel}","templated":true}]}}