{"id":10740,"date":"2020-04-30T07:44:53","date_gmt":"2020-04-30T10:44:53","guid":{"rendered":"https:\/\/arquivosfutebolbrasil.com.br\/blog\/?p=10740"},"modified":"2020-04-30T07:44:53","modified_gmt":"2020-04-30T10:44:53","slug":"santos-futebol-clube-joao-pessoa-pb-temporada-oficial-de-1997","status":"publish","type":"post","link":"https:\/\/arquivosfutebolbrasil.com.br\/blog\/2020\/04\/30\/santos-futebol-clube-joao-pessoa-pb-temporada-oficial-de-1997\/","title":{"rendered":"Santos Futebol Clube (Jo\u00e3o Pessoa &#8211; PB) &#8211; Temporada Oficial de 1997"},"content":{"rendered":"\n<div class=\"wp-block-image\"><figure class=\"aligncenter size-large\"><img loading=\"lazy\" decoding=\"async\" width=\"500\" height=\"367\" src=\"https:\/\/arquivosfutebolbrasil.com.br\/blog\/wp-content\/uploads\/2020\/04\/image-391.png\" alt=\"\" class=\"wp-image-10741\" srcset=\"https:\/\/arquivosfutebolbrasil.com.br\/blog\/wp-content\/uploads\/2020\/04\/image-391.png 500w, https:\/\/arquivosfutebolbrasil.com.br\/blog\/wp-content\/uploads\/2020\/04\/image-391-300x220.png 300w\" sizes=\"(max-width: 500px) 100vw, 500px\" \/><figcaption>Fonte: Renato Queiroz Fernandes Filho<\/figcaption><\/figure><\/div>\n\n\n\n<p><strong>Campeonato Paraibano \u2013 1\u00aa Divis\u00e3o<\/strong><\/p>\n\n\n\n<p>26.03.1997<br>Santos 0x0 Nacional (Cabedelo), em Jo\u00e3o Pessoa<br>30.03.1997<br>Santos 0x1 Auto Esporte (Jo\u00e3o Pessoa), em Jo\u00e3o Pessoa<br>06.04.1997<br>Santos 0x4 Botafogo (Jo\u00e3o Pessoa), em Jo\u00e3o Pessoa<br>09.04.1997<br>Santos 0x1 Santa Cruz (Santa Rita), em Jo\u00e3o Pessoa<br>13.04.1997<br>Santos 0x5 Botafogo (Jo\u00e3o Pessoa), em Jo\u00e3o Pessoa<br>27.04.1997<br>Santos 2&#215;1 Nacional (Cabedelo), em Cabedelo<br>03.05.1997<br>Santos 0x2 Auto Esporte (Jo\u00e3o Pessoa), em Jo\u00e3o Pessoa<br>10.05.1997<br>Santos 0x2 Santa Cruz (Santa Rita), em Santa Rita<br>07.06.1997<br>Santos 0x2 Santa Cruz (Santa Rita), em Jo\u00e3o Pessoa<br>15.06.1997<br>Santos 1&#215;0 Auto Esporte (Jo\u00e3o Pessoa), em Jo\u00e3o Pessoa<br>22.06.1997<br>Santos 2&#215;1 Nacional (Cabedelo), em Jo\u00e3o Pessoa<br>06.07.1997<br>Santos 0x4 Botafogo (Jo\u00e3o Pessoa), em Jo\u00e3o Pessoa<br>13.07.1997<br>Santos 0x3 Santa Cruz (Santa Rita), em Santa Rita<br>20.07.1997<br>Santos 0x2 Auto Esporte (Jo\u00e3o Pessoa), em Jo\u00e3o Pessoa<br>05.08.1997<br>Santos 0x2 Nacional (Cabedelo), em Cabedelo<br>10.08.1997<br>Santos 1&#215;4 Botafogo (Jo\u00e3o Pessoa), em Jo\u00e3o Pessoa<\/p>\n\n\n\n<p>Fonte: Arquivos do Autor<\/p>\n\r\n","protected":false},"excerpt":{"rendered":"<p>Campeonato Paraibano \u2013 1\u00aa Divis\u00e3o 26.03.1997Santos 0x0 Nacional (Cabedelo), em Jo\u00e3o Pessoa30.03.1997Santos 0x1 Auto Esporte (Jo\u00e3o Pessoa), em Jo\u00e3o Pessoa06.04.1997Santos 0x4 Botafogo (Jo\u00e3o Pessoa), em Jo\u00e3o Pessoa09.04.1997Santos 0x1 Santa Cruz (Santa Rita), em Jo\u00e3o Pessoa13.04.1997Santos 0x5 Botafogo (Jo\u00e3o Pessoa), em Jo\u00e3o Pessoa27.04.1997Santos 2&#215;1 Nacional (Cabedelo), em Cabedelo03.05.1997Santos 0x2 Auto Esporte (Jo\u00e3o Pessoa), em Jo\u00e3o Pessoa10.05.1997Santos [&hellip;]<\/p>\n","protected":false},"author":2,"featured_media":0,"comment_status":"open","ping_status":"open","sticky":false,"template":"","format":"standard","meta":{"footnotes":""},"categories":[48,54,26,57],"tags":[],"class_list":["post-10740","post","type-post","status-publish","format-standard","hentry","category-campeonatos-historicos","category-fotos-historicas","category-paraiba","category-temporadas"],"_links":{"self":[{"href":"https:\/\/arquivosfutebolbrasil.com.br\/blog\/wp-json\/wp\/v2\/posts\/10740"}],"collection":[{"href":"https:\/\/arquivosfutebolbrasil.com.br\/blog\/wp-json\/wp\/v2\/posts"}],"about":[{"href":"https:\/\/arquivosfutebolbrasil.com.br\/blog\/wp-json\/wp\/v2\/types\/post"}],"author":[{"embeddable":true,"href":"https:\/\/arquivosfutebolbrasil.com.br\/blog\/wp-json\/wp\/v2\/users\/2"}],"replies":[{"embeddable":true,"href":"https:\/\/arquivosfutebolbrasil.com.br\/blog\/wp-json\/wp\/v2\/comments?post=10740"}],"version-history":[{"count":1,"href":"https:\/\/arquivosfutebolbrasil.com.br\/blog\/wp-json\/wp\/v2\/posts\/10740\/revisions"}],"predecessor-version":[{"id":10742,"href":"https:\/\/arquivosfutebolbrasil.com.br\/blog\/wp-json\/wp\/v2\/posts\/10740\/revisions\/10742"}],"wp:attachment":[{"href":"https:\/\/arquivosfutebolbrasil.com.br\/blog\/wp-json\/wp\/v2\/media?parent=10740"}],"wp:term":[{"taxonomy":"category","embeddable":true,"href":"https:\/\/arquivosfutebolbrasil.com.br\/blog\/wp-json\/wp\/v2\/categories?post=10740"},{"taxonomy":"post_tag","embeddable":true,"href":"https:\/\/arquivosfutebolbrasil.com.br\/blog\/wp-json\/wp\/v2\/tags?post=10740"}],"curies":[{"name":"wp","href":"https:\/\/api.w.org\/{rel}","templated":true}]}}