{"id":10649,"date":"2020-05-01T07:56:00","date_gmt":"2020-05-01T10:56:00","guid":{"rendered":"https:\/\/arquivosfutebolbrasil.com.br\/blog\/?p=10649"},"modified":"2020-04-27T07:59:57","modified_gmt":"2020-04-27T10:59:57","slug":"torneio-inicio-amazonense-1976","status":"publish","type":"post","link":"https:\/\/arquivosfutebolbrasil.com.br\/blog\/2020\/05\/01\/torneio-inicio-amazonense-1976\/","title":{"rendered":"Torneio In\u00edcio Amazonense &#8211; 1976"},"content":{"rendered":"\n<p>Data: 25 de janeiro de 1976<br>Local: Est\u00e1dio Vivaldo Lima, em Manaus \/ AM<\/p>\n\n\n\n<p>1\u00ba jogo &#8211; Rodovi\u00e1ria 0x0 Am\u00e9rica (4&#215;2 pen)<br>2\u00ba jogo &#8211; Nacional 1&#215;0 Sul Am\u00e9rica<br>3\u00ba jogo &#8211; Fast 0x0 S\u00e3o Raimundo (4&#215;3 pen)<br>4\u00ba jogo &#8211; Rodovi\u00e1ria 1&#215;0 Rio Negro<br>5\u00ba jogo &#8211; Fast 0x0 Nacional (9&#215;8 pen)<br>Final &#8211; Rodovi\u00e1ria 0x0 Fast (8&#215;7 pen)<\/p>\n\n\n\n<p>Campe\u00e3 \u2013 Associa\u00e7\u00e3o Atl\u00e9tica Rodovi\u00e1ria (Manaus \u2013 AM)<\/p>\n\n\n\n<p>Fonte: Jornal do Com\u00e9rcio<\/p>\n\r\n","protected":false},"excerpt":{"rendered":"<p>Data: 25 de janeiro de 1976Local: Est\u00e1dio Vivaldo Lima, em Manaus \/ AM 1\u00ba jogo &#8211; Rodovi\u00e1ria 0x0 Am\u00e9rica (4&#215;2 pen)2\u00ba jogo &#8211; Nacional 1&#215;0 Sul Am\u00e9rica3\u00ba jogo &#8211; Fast 0x0 S\u00e3o Raimundo (4&#215;3 pen)4\u00ba jogo &#8211; Rodovi\u00e1ria 1&#215;0 Rio Negro5\u00ba jogo &#8211; Fast 0x0 Nacional (9&#215;8 pen)Final &#8211; Rodovi\u00e1ria 0x0 Fast (8&#215;7 pen) Campe\u00e3 [&hellip;]<\/p>\n","protected":false},"author":2,"featured_media":0,"comment_status":"open","ping_status":"open","sticky":false,"template":"","format":"standard","meta":{"footnotes":""},"categories":[2,48],"tags":[],"class_list":["post-10649","post","type-post","status-publish","format-standard","hentry","category-amazonas","category-campeonatos-historicos"],"_links":{"self":[{"href":"https:\/\/arquivosfutebolbrasil.com.br\/blog\/wp-json\/wp\/v2\/posts\/10649"}],"collection":[{"href":"https:\/\/arquivosfutebolbrasil.com.br\/blog\/wp-json\/wp\/v2\/posts"}],"about":[{"href":"https:\/\/arquivosfutebolbrasil.com.br\/blog\/wp-json\/wp\/v2\/types\/post"}],"author":[{"embeddable":true,"href":"https:\/\/arquivosfutebolbrasil.com.br\/blog\/wp-json\/wp\/v2\/users\/2"}],"replies":[{"embeddable":true,"href":"https:\/\/arquivosfutebolbrasil.com.br\/blog\/wp-json\/wp\/v2\/comments?post=10649"}],"version-history":[{"count":1,"href":"https:\/\/arquivosfutebolbrasil.com.br\/blog\/wp-json\/wp\/v2\/posts\/10649\/revisions"}],"predecessor-version":[{"id":10650,"href":"https:\/\/arquivosfutebolbrasil.com.br\/blog\/wp-json\/wp\/v2\/posts\/10649\/revisions\/10650"}],"wp:attachment":[{"href":"https:\/\/arquivosfutebolbrasil.com.br\/blog\/wp-json\/wp\/v2\/media?parent=10649"}],"wp:term":[{"taxonomy":"category","embeddable":true,"href":"https:\/\/arquivosfutebolbrasil.com.br\/blog\/wp-json\/wp\/v2\/categories?post=10649"},{"taxonomy":"post_tag","embeddable":true,"href":"https:\/\/arquivosfutebolbrasil.com.br\/blog\/wp-json\/wp\/v2\/tags?post=10649"}],"curies":[{"name":"wp","href":"https:\/\/api.w.org\/{rel}","templated":true}]}}