{"id":10554,"date":"2020-04-23T19:56:57","date_gmt":"2020-04-23T22:56:57","guid":{"rendered":"https:\/\/arquivosfutebolbrasil.com.br\/blog\/?p=10554"},"modified":"2020-04-23T19:56:57","modified_gmt":"2020-04-23T22:56:57","slug":"foto-historica-marilia-atletico-clube-marilia-sp-1978","status":"publish","type":"post","link":"https:\/\/arquivosfutebolbrasil.com.br\/blog\/2020\/04\/23\/foto-historica-marilia-atletico-clube-marilia-sp-1978\/","title":{"rendered":"Foto Hist\u00f3rica &#8211; Mar\u00edlia Atl\u00e9tico Clube (Mar\u00edlia &#8211; SP) &#8211; 1978"},"content":{"rendered":"\n<figure class=\"wp-block-image size-large\"><img loading=\"lazy\" decoding=\"async\" width=\"549\" height=\"432\" src=\"https:\/\/arquivosfutebolbrasil.com.br\/blog\/wp-content\/uploads\/2020\/04\/image-355.png\" alt=\"\" class=\"wp-image-10555\" srcset=\"https:\/\/arquivosfutebolbrasil.com.br\/blog\/wp-content\/uploads\/2020\/04\/image-355.png 549w, https:\/\/arquivosfutebolbrasil.com.br\/blog\/wp-content\/uploads\/2020\/04\/image-355-300x236.png 300w\" sizes=\"(max-width: 549px) 100vw, 549px\" \/><figcaption>Fonte: Marcos Vitor<\/figcaption><\/figure>\n\r\n","protected":false},"excerpt":{"rendered":"","protected":false},"author":2,"featured_media":0,"comment_status":"open","ping_status":"open","sticky":false,"template":"","format":"standard","meta":{"footnotes":""},"categories":[54,35],"tags":[],"class_list":["post-10554","post","type-post","status-publish","format-standard","hentry","category-fotos-historicas","category-sao-paulo"],"_links":{"self":[{"href":"https:\/\/arquivosfutebolbrasil.com.br\/blog\/wp-json\/wp\/v2\/posts\/10554"}],"collection":[{"href":"https:\/\/arquivosfutebolbrasil.com.br\/blog\/wp-json\/wp\/v2\/posts"}],"about":[{"href":"https:\/\/arquivosfutebolbrasil.com.br\/blog\/wp-json\/wp\/v2\/types\/post"}],"author":[{"embeddable":true,"href":"https:\/\/arquivosfutebolbrasil.com.br\/blog\/wp-json\/wp\/v2\/users\/2"}],"replies":[{"embeddable":true,"href":"https:\/\/arquivosfutebolbrasil.com.br\/blog\/wp-json\/wp\/v2\/comments?post=10554"}],"version-history":[{"count":1,"href":"https:\/\/arquivosfutebolbrasil.com.br\/blog\/wp-json\/wp\/v2\/posts\/10554\/revisions"}],"predecessor-version":[{"id":10556,"href":"https:\/\/arquivosfutebolbrasil.com.br\/blog\/wp-json\/wp\/v2\/posts\/10554\/revisions\/10556"}],"wp:attachment":[{"href":"https:\/\/arquivosfutebolbrasil.com.br\/blog\/wp-json\/wp\/v2\/media?parent=10554"}],"wp:term":[{"taxonomy":"category","embeddable":true,"href":"https:\/\/arquivosfutebolbrasil.com.br\/blog\/wp-json\/wp\/v2\/categories?post=10554"},{"taxonomy":"post_tag","embeddable":true,"href":"https:\/\/arquivosfutebolbrasil.com.br\/blog\/wp-json\/wp\/v2\/tags?post=10554"}],"curies":[{"name":"wp","href":"https:\/\/api.w.org\/{rel}","templated":true}]}}