{"id":10551,"date":"2020-04-23T19:51:59","date_gmt":"2020-04-23T22:51:59","guid":{"rendered":"https:\/\/arquivosfutebolbrasil.com.br\/blog\/?p=10551"},"modified":"2020-04-23T19:51:59","modified_gmt":"2020-04-23T22:51:59","slug":"sao-cristovao-de-futebol-e-regatas-rio-de-janeiro-rj-temporada-oficial-de-1973","status":"publish","type":"post","link":"https:\/\/arquivosfutebolbrasil.com.br\/blog\/2020\/04\/23\/sao-cristovao-de-futebol-e-regatas-rio-de-janeiro-rj-temporada-oficial-de-1973\/","title":{"rendered":"S\u00e3o Crist\u00f3v\u00e3o de Futebol e Regatas (Rio de Janeiro &#8211; RJ) &#8211; Temporada Oficial de 1973"},"content":{"rendered":"\n<div class=\"wp-block-image\"><figure class=\"aligncenter size-large is-resized\"><img loading=\"lazy\" decoding=\"async\" src=\"https:\/\/arquivosfutebolbrasil.com.br\/blog\/wp-content\/uploads\/2020\/04\/image-354.png\" alt=\"\" class=\"wp-image-10552\" width=\"528\" height=\"395\" srcset=\"https:\/\/arquivosfutebolbrasil.com.br\/blog\/wp-content\/uploads\/2020\/04\/image-354.png 499w, https:\/\/arquivosfutebolbrasil.com.br\/blog\/wp-content\/uploads\/2020\/04\/image-354-300x224.png 300w\" sizes=\"(max-width: 528px) 100vw, 528px\" \/><figcaption>Fonte: Marcelo Santos<\/figcaption><\/figure><\/div>\n\n\n\n<p><strong><u>Campeonato Carioca \u2013 1\u00aa Divis\u00e3o<\/u><\/strong><\/p>\n\n\n\n<p>S\u00e3o Crist\u00f3v\u00e3o 1&#215;2 Campo Grande (Rio de Janeiro \u2013 RJ) \/ 11 de mar\u00e7o de 1973 \/ Rio de Janeiro \u2013 RJ \/ \u00c1rbitro: Nivaldo dos Santos \/ Gols: Chiquinho, Jorge Demolidor e Marcos \/ S\u00e3o Crist\u00f3v\u00e3o: Jair; Triel, Celso, Joel e Bruno; Ivo Sodr\u00e9 e Mafra; Paulinho, Alexandre, Jorge Demolidor e Paulo Tavares \/ Campo Grande: Ben\u00edcio; Cl\u00f3vis, Biluca, S\u00e9rgio Gomes e Altair; V\u00e1lter e Adilson; Neco, Chiquinho (Marcos), Ti\u00e3o e Luis Carlos<\/p>\n\n\n\n<p>S\u00e3o Crist\u00f3v\u00e3o 1&#215;3 Botafogo (Rio de Janeiro \u2013 RJ) \/ 22 de mar\u00e7o de 1973 \/ Rio de Janeiro \u2013 RJ \/ Gols: Joel (contra), Zequinha, Marinho e Alexandre \/ S\u00e3o Crist\u00f3v\u00e3o: Jair; Triel, Barros, Joel e Bruno; Carlinhos e Ivo Sodr\u00e9; Alexandre, Jorge Demolidor, Mafra (lldeu) e Paulo Neves \/ Botafogo: Wendel; Pedro Bas\u00edlio, Brito, Scala e Marinho (Ademir); Carlos Roberto e Nei; Zequinha, Fischer, Roberto (Ferreti) e Dirceu<\/p>\n\n\n\n<p>S\u00e3o Crist\u00f3v\u00e3o 1&#215;3 Madureira (Rio de Janeiro \u2013 RJ) \/ 25 de mar\u00e7o de 1973 \/ Rio de Janeiro \u2013 RJ \/ \u00c1rbitro: Moacir Miguel dos Santos \/ Gols: Z\u00e9 Dias, Helv\u00e9cio, Teles e Russo \/ S\u00e3o Crist\u00f3v\u00e3o: Rubens; Triel, Celso, Barros e Bruno; Carlinhos e Ivo Sodr\u00e9 (Helv\u00e9cio); Alexandre (Vanderlei), Jorge Demolidor e Ildeu e Paulo \/ Madureira: Dorival; Orlando, Pa\u00fara, S\u00eddnei e Alonso; Russo e Carioca; Kaneco (Z\u00e9 Dias), Mozart (Teles), Silva e Gaspar<\/p>\n\n\n\n<p>S\u00e3o Crist\u00f3v\u00e3o 1&#215;2 Flamengo (Rio de Janeiro \u2013 RJ) \/ 28 de mar\u00e7o de 1973 \/ Rio de Janeiro \u2013 RJ \/ \u00c1rbitro: Rubens de Sousa Carvalho \/ Gols: Dario, Triel e Doval \/ S\u00e3o Crist\u00f3v\u00e3o: Rubem; Triel, Celso, Sarros e Bruno; Carlinhos e Ivo Sodr\u00e9; lldeu. Madeira (Alexandre), Jorge Demolidor e Paulo \/ Flamengo: Renato; Moreira, Chiquinho, Fred e Rodrigues Neto; Liminha (Ar\u00edlson) e Chiquinho II; Rog\u00e9rio (Zico), Dario, Doval e Paulo C\u00e9sar<\/p>\n\n\n\n<p>S\u00e3o Crist\u00f3v\u00e3o 1&#215;2 Am\u00e9rica (Rio de Janeiro \u2013 RJ) \/ 07 de abril de 1973 \/ Rio de Janeiro \u2013 RJ \/ \u00c1rbitro: Jos\u00e9 Teixeira de Carvalho \/ Gols: S\u00e9rgio Lima, Ivo Sodr\u00e9 e Caio \/ S\u00e3o Crist\u00f3v\u00e3o: Rubens; Triel, Celso (Denis), Dias e Bruno; Carlinhos e Ivo Sodr\u00e9; Vanderlei (lldeu), Madeira, Jorge Demolidor e Paulo \/ Am\u00e9rica: Miguel; Cabrita, Alex, Mareco e \u00c1lvaro; Djair (Gilmar) e Tadeu (Ivo); Flecha, Caio, S\u00e9rgio Lima e Ant\u00f4nio Carlos<\/p>\n\n\n\n<p>S\u00e3o Crist\u00f3v\u00e3o 0x4 Fluminense (Rio de Janeiro \u2013 RJ) \/ 11 de abril de 1973 \/ Rio de Janeiro \u2013 RJ \/ \u00c1rbitro: Aloisio Felisberto da Siva \/ Gols: Dionisio (2), Manfrini e Cafuringa \/ S\u00e3o Crist\u00f3v\u00e3o: Norival (Rubens); Triel, Celso, Dias e Bruno; Carlinhos e Madureira; Ildeu (Helv\u00e9cio), Jorge Demolidor, Ivo Sodr\u00e9 e Paulo \/ Fluminense: Vit\u00f3rio; Oliveira, Silveira, Assis (Abel) e Toninho; Denilson (Marquinhos) e G\u00e9rson; Cafuringa, Dion\u00edsio, Manfrini e Lula<\/p>\n\n\n\n<p>S\u00e3o Crist\u00f3v\u00e3o 0x1 Portuguesa (Rio de Janeiro \u2013 RJ) \/ 14 de abril de 1973 \/ Rio de Janeiro \u2013 RJ \/ \u00c1rbitro: Artur Ribeiro Ara\u00fajo \/ Gol: Pedro Paulo \/ S\u00e3o Crist\u00f3v\u00e3o: C\u00e9sar; Triel, Celso, Dias e Bruno; Carlinhos e Ivo Sodr\u00e9; Ildeu (Madeira) Helv\u00e9cio, Jorge Demolidor e Paulo \/ Portuguesa: Nilson; Miguel, Ti\u00e3o, Gilson e Zeca; \u00c9dson e Renato (Carlinhos); No\u00e9, Russo, Pedro Paulo e Fernando<\/p>\n\n\n\n<p>S\u00e3o Crist\u00f3v\u00e3o 1&#215;3 Olaria (Rio de Janeiro \u2013 RJ) \/ 18 de abril de 1973 \/ Rio de Janeiro \u2013 RJ \/ \u00c1rbitro: Nivaldo dos Santos \/ Gols: Jair (2), Aguinaldo e lldeu \/ S\u00e3o Crist\u00f3v\u00e3o: C\u00e9sar; Triel, Celso, Barros e Bruno; Carlinhos (Ildeu) e Ivo Sodr\u00e9; Paulinho (Peixinho), Jorge Demolidor, Mafra e Paulinho \/ Olaria: Beto; Mauro Cruz, Mario Tito, Klein e Mauricio; Roberto Pinto (Gess\u00e9) e Afonsinho; Carlos Ant\u00f4nio (Aguinaldo) Ezio, Jair e Fernando Pirulito<\/p>\n\n\n\n<p>S\u00e3o Crist\u00f3v\u00e3o 1&#215;5 Bangu (Rio de Janeiro \u2013 RJ) \/ 22 de abril de 1973 \/ Rio de Janeiro \u2013 RJ \/ \u00c1rbitro: Josias Miranda Paulino \/ Gols: Jorge Mendon\u00e7a (3), Galdino, Jorge Demolidor e Jailson \/ S\u00e3o Crist\u00f3v\u00e3o: C\u00e9sar Augusto (Rubens); Bruno, Celso, Mafra e Peixinho; Carlinhos e Ivo Sodr\u00e9 (Helv\u00e9cio); Paulinho; Ildeu, Jorge Demolidor e Paulo \/ Bangu: Sanches (Lu\u00eds Alberto); Vicente, Geneci, Sidclei e Nena; Juarez e Alves; Paulinho, Jorge Mendon\u00e7a, Jailson (Lima) e Galdino<\/p>\n\n\n\n<p>S\u00e3o Crist\u00f3v\u00e3o 0x3 Vasco da Gama (Rio de Janeiro \u2013 RJ) \/ 29 de abril de 1973 \/ Rio de Janeiro \u2013 RJ \/ \u00c1rbitro: Jos\u00e9 Aldo Pereira \/ Gols: Alfinete, Lu\u00eds Carlos e Bugl\u00ea \/ S\u00e3o Crist\u00f3v\u00e3o: C\u00e9sar; Triel, Mafra, Dias e Bruno, Madeira e Ivo Sodr\u00e9; Helv\u00e9cio, Geraldo, Jorge Demolidor e Paulo (Vanderlei) \/ Vasco da Gama: Andrada; Paulo C\u00e9sar, Mois\u00e9s, Ren\u00ea e Alfinete; Zanata e Alcir; Jorginho (Lu\u00eds Fumanchu), D\u00e9, Ademir (Bugl\u00ea) e Lu\u00eds Carros<\/p>\n\n\n\n<p>S\u00e3o Crist\u00f3v\u00e3o 0x0 Bonsucesso (Rio de Janeiro \u2013 RJ) \/ 05 de maio de 1973 \/ Rio de Janeiro \u2013 RJ \/ \u00c1rbitro: Wilson Dias Dur\u00e3o \/ S\u00e3o Crist\u00f3v\u00e3o: Norival; Triel, Celso, Bruno e Peixinho; Madeira e Joel; Vanderlei, Joel, Geraldo e Paulo \/ Bonsucesso: Pedrinho; Dutra, Nilo, Nilson e Orlando; Silva e Jair Santos; Naldo, Jair Pereira, Ad\u00e3ozinho e Paulinho<\/p>\n\n\n\n<p>Fonte: Arquivos de Raymundo Quadros<\/p>\n\r\n","protected":false},"excerpt":{"rendered":"<p>Campeonato Carioca \u2013 1\u00aa Divis\u00e3o S\u00e3o Crist\u00f3v\u00e3o 1&#215;2 Campo Grande (Rio de Janeiro \u2013 RJ) \/ 11 de mar\u00e7o de 1973 \/ Rio de Janeiro \u2013 RJ \/ \u00c1rbitro: Nivaldo dos Santos \/ Gols: Chiquinho, Jorge Demolidor e Marcos \/ S\u00e3o Crist\u00f3v\u00e3o: Jair; Triel, Celso, Joel e Bruno; Ivo Sodr\u00e9 e Mafra; Paulinho, Alexandre, Jorge [&hellip;]<\/p>\n","protected":false},"author":2,"featured_media":0,"comment_status":"open","ping_status":"open","sticky":false,"template":"","format":"standard","meta":{"footnotes":""},"categories":[48,29,57],"tags":[],"class_list":["post-10551","post","type-post","status-publish","format-standard","hentry","category-campeonatos-historicos","category-rio-de-janeiro","category-temporadas"],"_links":{"self":[{"href":"https:\/\/arquivosfutebolbrasil.com.br\/blog\/wp-json\/wp\/v2\/posts\/10551"}],"collection":[{"href":"https:\/\/arquivosfutebolbrasil.com.br\/blog\/wp-json\/wp\/v2\/posts"}],"about":[{"href":"https:\/\/arquivosfutebolbrasil.com.br\/blog\/wp-json\/wp\/v2\/types\/post"}],"author":[{"embeddable":true,"href":"https:\/\/arquivosfutebolbrasil.com.br\/blog\/wp-json\/wp\/v2\/users\/2"}],"replies":[{"embeddable":true,"href":"https:\/\/arquivosfutebolbrasil.com.br\/blog\/wp-json\/wp\/v2\/comments?post=10551"}],"version-history":[{"count":1,"href":"https:\/\/arquivosfutebolbrasil.com.br\/blog\/wp-json\/wp\/v2\/posts\/10551\/revisions"}],"predecessor-version":[{"id":10553,"href":"https:\/\/arquivosfutebolbrasil.com.br\/blog\/wp-json\/wp\/v2\/posts\/10551\/revisions\/10553"}],"wp:attachment":[{"href":"https:\/\/arquivosfutebolbrasil.com.br\/blog\/wp-json\/wp\/v2\/media?parent=10551"}],"wp:term":[{"taxonomy":"category","embeddable":true,"href":"https:\/\/arquivosfutebolbrasil.com.br\/blog\/wp-json\/wp\/v2\/categories?post=10551"},{"taxonomy":"post_tag","embeddable":true,"href":"https:\/\/arquivosfutebolbrasil.com.br\/blog\/wp-json\/wp\/v2\/tags?post=10551"}],"curies":[{"name":"wp","href":"https:\/\/api.w.org\/{rel}","templated":true}]}}